{"id":15409,"date":"2023-06-16T10:21:00","date_gmt":"2023-06-16T08:21:00","guid":{"rendered":"https:\/\/somosdelprieto.com\/?p=15409"},"modified":"2023-06-16T10:42:35","modified_gmt":"2023-06-16T08:42:35","slug":"admision-a-ciclos-formativos-de-grado-basico-medio-y-superior","status":"publish","type":"post","link":"https:\/\/somosdelprieto.com\/index.php\/2023\/06\/16\/admision-a-ciclos-formativos-de-grado-basico-medio-y-superior\/","title":{"rendered":"ADMISI\u00d3N A CICLOS FORMATIVOS DE GRADO B\u00c1SICO, MEDIO Y SUPERIOR"},"content":{"rendered":"\n<p>Con fecha 06\/06\/2023 se ha publicado en el DOCM la convocatoria de <strong>Admisi\u00f3n a Ciclos Formativos de Grado B\u00e1sico, Grado Medio y Grado Superior para el curso 2023-2024.<\/strong><\/p>\n\n\n\n<p style=\"font-size:17px;line-height:2.1\">Podr\u00e1s solicitar tu plaza a trav\u00e9s de <strong><em><a rel=\"noreferrer noopener\" href=\"https:\/\/educamosclm.castillalamancha.es\/\" target=\"_blank\">EducamosCLM<\/a><\/em><\/strong>  en las siguientes fechas:<\/p>\n\n\n\n<ul class=\"has-medium-font-size wp-block-list\"><li><strong>GRADO B\u00c1SICO<\/strong>: del 12 al 29 de junio<\/li><li><strong>GRADO MEDIO Y GRADO SUPERIOR<\/strong>: del 12 al 30 de junio<\/li><\/ul>\n\n\n\n<p>Para m\u00e1s informaci\u00f3n:<\/p>\n\n\n\n<p><a href=\"https:\/\/www.educa.jccm.es\/es\/admision\/admision-formacion-profesional\">https:\/\/www.educa.jccm.es\/es\/admision\/admision-formacion-profesional<\/a><\/p>\n","protected":false},"excerpt":{"rendered":"<p>Con fecha 06\/06\/2023 se ha publicado en el DOCM la convocatoria de Admisi\u00f3n a Ciclos Formativos de Grado B\u00e1sico, Grado Medio y Grado Superior para el curso 2023-2024. Podr\u00e1s solicitar tu plaza a trav\u00e9s de EducamosCLM en las siguientes fechas: GRADO B\u00c1SICO: del 12 al 29 de junio GRADO MEDIO Y GRADO SUPERIOR: del 12 &hellip; <\/p>\n<p class=\"link-more\"><a href=\"https:\/\/somosdelprieto.com\/index.php\/2023\/06\/16\/admision-a-ciclos-formativos-de-grado-basico-medio-y-superior\/\" class=\"more-link\">Continuar leyendo<span class=\"screen-reader-text\"> \u00abADMISI\u00d3N A CICLOS FORMATIVOS DE GRADO B\u00c1SICO, MEDIO Y SUPERIOR\u00bb<\/span><\/a><\/p>\n","protected":false},"author":53,"featured_media":15411,"comment_status":"closed","ping_status":"closed","sticky":true,"template":"","format":"standard","meta":{"footnotes":""},"categories":[1,47],"tags":[],"class_list":["post-15409","post","type-post","status-publish","format-standard","has-post-thumbnail","hentry","category-noticias","category-secretaria"],"_links":{"self":[{"href":"https:\/\/somosdelprieto.com\/index.php\/wp-json\/wp\/v2\/posts\/15409","targetHints":{"allow":["GET"]}}],"collection":[{"href":"https:\/\/somosdelprieto.com\/index.php\/wp-json\/wp\/v2\/posts"}],"about":[{"href":"https:\/\/somosdelprieto.com\/index.php\/wp-json\/wp\/v2\/types\/post"}],"author":[{"embeddable":true,"href":"https:\/\/somosdelprieto.com\/index.php\/wp-json\/wp\/v2\/users\/53"}],"replies":[{"embeddable":true,"href":"https:\/\/somosdelprieto.com\/index.php\/wp-json\/wp\/v2\/comments?post=15409"}],"version-history":[{"count":3,"href":"https:\/\/somosdelprieto.com\/index.php\/wp-json\/wp\/v2\/posts\/15409\/revisions"}],"predecessor-version":[{"id":15414,"href":"https:\/\/somosdelprieto.com\/index.php\/wp-json\/wp\/v2\/posts\/15409\/revisions\/15414"}],"wp:featuredmedia":[{"embeddable":true,"href":"https:\/\/somosdelprieto.com\/index.php\/wp-json\/wp\/v2\/media\/15411"}],"wp:attachment":[{"href":"https:\/\/somosdelprieto.com\/index.php\/wp-json\/wp\/v2\/media?parent=15409"}],"wp:term":[{"taxonomy":"category","embeddable":true,"href":"https:\/\/somosdelprieto.com\/index.php\/wp-json\/wp\/v2\/categories?post=15409"},{"taxonomy":"post_tag","embeddable":true,"href":"https:\/\/somosdelprieto.com\/index.php\/wp-json\/wp\/v2\/tags?post=15409"}],"curies":[{"name":"wp","href":"https:\/\/api.w.org\/{rel}","templated":true}]}}