{"id":15266,"date":"2023-06-01T18:50:20","date_gmt":"2023-06-01T16:50:20","guid":{"rendered":"https:\/\/somosdelprieto.com\/?p=15266"},"modified":"2023-06-01T18:50:20","modified_gmt":"2023-06-01T16:50:20","slug":"entregada-la-recaudacion-conseguida-con-la-carrera-solidaria","status":"publish","type":"post","link":"https:\/\/somosdelprieto.com\/index.php\/2023\/06\/01\/entregada-la-recaudacion-conseguida-con-la-carrera-solidaria\/","title":{"rendered":"ENTREGADA LA RECAUDACI\u00d3N CONSEGUIDA CON LA CARRERA SOLIDARIA"},"content":{"rendered":"\n<p>El pasado 5 de mayo tuvo lugar, en el IES Francisco Nieva, la entrega del dinero recaudado a trav\u00e9s de la I Carrera Solidaria Intercentros organizada por los tres institutos de Educaci\u00f3n Secundaria locales: Francisco Nieva, Bernardo de Balbuena y Gregorio Prieto.<\/p>\n\n\n\n<p>La cuant\u00eda total ascendi\u00f3 a 2.484\u20ac que fue repartida entre las dos asociaciones objeto de nuestro apoyo, la Asociaci\u00f3n Espa\u00f1ola contra el C\u00e1ncer y C\u00e1ritas, recibiendo cada una 1.242\u20ac.<\/p>\n\n\n\n<figure class=\"wp-block-image size-large\"><img loading=\"lazy\" decoding=\"async\" width=\"1024\" height=\"768\" src=\"https:\/\/somosdelprieto.com\/wp-content\/uploads\/2023\/06\/WhatsApp-Image-2023-05-06-at-10.50.29-3-1024x768.jpeg\" alt=\"\" class=\"wp-image-15268\" srcset=\"https:\/\/somosdelprieto.com\/wp-content\/uploads\/2023\/06\/WhatsApp-Image-2023-05-06-at-10.50.29-3-1024x768.jpeg 1024w, https:\/\/somosdelprieto.com\/wp-content\/uploads\/2023\/06\/WhatsApp-Image-2023-05-06-at-10.50.29-3-300x225.jpeg 300w, https:\/\/somosdelprieto.com\/wp-content\/uploads\/2023\/06\/WhatsApp-Image-2023-05-06-at-10.50.29-3-768x576.jpeg 768w, https:\/\/somosdelprieto.com\/wp-content\/uploads\/2023\/06\/WhatsApp-Image-2023-05-06-at-10.50.29-3-1536x1152.jpeg 1536w, https:\/\/somosdelprieto.com\/wp-content\/uploads\/2023\/06\/WhatsApp-Image-2023-05-06-at-10.50.29-3.jpeg 1600w\" sizes=\"auto, (max-width: 767px) 89vw, (max-width: 1000px) 54vw, (max-width: 1071px) 543px, 580px\" \/><\/figure>\n\n\n\n<p>A este acto acudieron representantes de ambas asociaciones que agradecieron el compromiso de nuestros centros en apoyar y dar visibilidad a su labor.<\/p>\n\n\n\n<figure class=\"wp-block-gallery columns-2 is-cropped wp-block-gallery-1 is-layout-flex wp-block-gallery-is-layout-flex\"><ul class=\"blocks-gallery-grid\"><li class=\"blocks-gallery-item\"><figure><img loading=\"lazy\" decoding=\"async\" width=\"1024\" height=\"768\" src=\"https:\/\/somosdelprieto.com\/wp-content\/uploads\/2023\/06\/WhatsApp-Image-2023-05-06-at-10.50.29-1-1024x768.jpeg\" alt=\"\" data-id=\"15269\" data-link=\"https:\/\/somosdelprieto.com\/?attachment_id=15269\" class=\"wp-image-15269\" srcset=\"https:\/\/somosdelprieto.com\/wp-content\/uploads\/2023\/06\/WhatsApp-Image-2023-05-06-at-10.50.29-1-1024x768.jpeg 1024w, https:\/\/somosdelprieto.com\/wp-content\/uploads\/2023\/06\/WhatsApp-Image-2023-05-06-at-10.50.29-1-300x225.jpeg 300w, https:\/\/somosdelprieto.com\/wp-content\/uploads\/2023\/06\/WhatsApp-Image-2023-05-06-at-10.50.29-1-768x576.jpeg 768w, https:\/\/somosdelprieto.com\/wp-content\/uploads\/2023\/06\/WhatsApp-Image-2023-05-06-at-10.50.29-1-1536x1152.jpeg 1536w, https:\/\/somosdelprieto.com\/wp-content\/uploads\/2023\/06\/WhatsApp-Image-2023-05-06-at-10.50.29-1.jpeg 1600w\" sizes=\"auto, (max-width: 767px) 89vw, (max-width: 1000px) 54vw, (max-width: 1071px) 543px, 580px\" \/><\/figure><\/li><li class=\"blocks-gallery-item\"><figure><img loading=\"lazy\" decoding=\"async\" width=\"1024\" height=\"768\" src=\"https:\/\/somosdelprieto.com\/wp-content\/uploads\/2023\/06\/WhatsApp-Image-2023-05-06-at-10.50.29-1024x768.jpeg\" alt=\"\" data-id=\"15270\" data-full-url=\"https:\/\/somosdelprieto.com\/wp-content\/uploads\/2023\/06\/WhatsApp-Image-2023-05-06-at-10.50.29.jpeg\" data-link=\"https:\/\/somosdelprieto.com\/?attachment_id=15270\" class=\"wp-image-15270\" srcset=\"https:\/\/somosdelprieto.com\/wp-content\/uploads\/2023\/06\/WhatsApp-Image-2023-05-06-at-10.50.29-1024x768.jpeg 1024w, https:\/\/somosdelprieto.com\/wp-content\/uploads\/2023\/06\/WhatsApp-Image-2023-05-06-at-10.50.29-300x225.jpeg 300w, https:\/\/somosdelprieto.com\/wp-content\/uploads\/2023\/06\/WhatsApp-Image-2023-05-06-at-10.50.29-768x576.jpeg 768w, https:\/\/somosdelprieto.com\/wp-content\/uploads\/2023\/06\/WhatsApp-Image-2023-05-06-at-10.50.29-1536x1152.jpeg 1536w, https:\/\/somosdelprieto.com\/wp-content\/uploads\/2023\/06\/WhatsApp-Image-2023-05-06-at-10.50.29.jpeg 1600w\" sizes=\"auto, (max-width: 767px) 89vw, (max-width: 1000px) 54vw, (max-width: 1071px) 543px, 580px\" \/><\/figure><\/li><\/ul><\/figure>\n\n\n\n<p>Por nuestra parte queremos agradecer a las AMPAs de los tres institutos, a todo el alumnado y profesorado que trabajaron en la preparaci\u00f3n y realizaci\u00f3n de la prueba, a las entidades que la hicieron posible y a todos los centros educativos que se sumaron a ella y de los que nos han llegado m\u00faltiples comentarios de agradecimiento. \u00a0<\/p>\n","protected":false},"excerpt":{"rendered":"<p>El pasado 5 de mayo tuvo lugar, en el IES Francisco Nieva, la entrega del dinero recaudado a trav\u00e9s de la I Carrera Solidaria Intercentros organizada por los tres institutos de Educaci\u00f3n Secundaria locales: Francisco Nieva, Bernardo de Balbuena y Gregorio Prieto. La cuant\u00eda total ascendi\u00f3 a 2.484\u20ac que fue repartida entre las dos asociaciones &hellip; <\/p>\n<p class=\"link-more\"><a href=\"https:\/\/somosdelprieto.com\/index.php\/2023\/06\/01\/entregada-la-recaudacion-conseguida-con-la-carrera-solidaria\/\" class=\"more-link\">Continuar leyendo<span class=\"screen-reader-text\"> \u00abENTREGADA LA RECAUDACI\u00d3N CONSEGUIDA CON LA CARRERA SOLIDARIA\u00bb<\/span><\/a><\/p>\n","protected":false},"author":26,"featured_media":15267,"comment_status":"closed","ping_status":"closed","sticky":false,"template":"","format":"standard","meta":{"footnotes":""},"categories":[26,1,101,138],"tags":[],"class_list":["post-15266","post","type-post","status-publish","format-standard","has-post-thumbnail","hentry","category-educacion-fisica","category-noticias","category-proyecto-escolar-saludable","category-proyecto-escolar-saludable-2"],"_links":{"self":[{"href":"https:\/\/somosdelprieto.com\/index.php\/wp-json\/wp\/v2\/posts\/15266","targetHints":{"allow":["GET"]}}],"collection":[{"href":"https:\/\/somosdelprieto.com\/index.php\/wp-json\/wp\/v2\/posts"}],"about":[{"href":"https:\/\/somosdelprieto.com\/index.php\/wp-json\/wp\/v2\/types\/post"}],"author":[{"embeddable":true,"href":"https:\/\/somosdelprieto.com\/index.php\/wp-json\/wp\/v2\/users\/26"}],"replies":[{"embeddable":true,"href":"https:\/\/somosdelprieto.com\/index.php\/wp-json\/wp\/v2\/comments?post=15266"}],"version-history":[{"count":2,"href":"https:\/\/somosdelprieto.com\/index.php\/wp-json\/wp\/v2\/posts\/15266\/revisions"}],"predecessor-version":[{"id":15272,"href":"https:\/\/somosdelprieto.com\/index.php\/wp-json\/wp\/v2\/posts\/15266\/revisions\/15272"}],"wp:featuredmedia":[{"embeddable":true,"href":"https:\/\/somosdelprieto.com\/index.php\/wp-json\/wp\/v2\/media\/15267"}],"wp:attachment":[{"href":"https:\/\/somosdelprieto.com\/index.php\/wp-json\/wp\/v2\/media?parent=15266"}],"wp:term":[{"taxonomy":"category","embeddable":true,"href":"https:\/\/somosdelprieto.com\/index.php\/wp-json\/wp\/v2\/categories?post=15266"},{"taxonomy":"post_tag","embeddable":true,"href":"https:\/\/somosdelprieto.com\/index.php\/wp-json\/wp\/v2\/tags?post=15266"}],"curies":[{"name":"wp","href":"https:\/\/api.w.org\/{rel}","templated":true}]}}