{"id":15260,"date":"2023-06-01T16:36:20","date_gmt":"2023-06-01T14:36:20","guid":{"rendered":"https:\/\/somosdelprieto.com\/?p=15260"},"modified":"2023-06-02T10:34:00","modified_gmt":"2023-06-02T08:34:00","slug":"british-igualdad-una-subida-al-aula-del-siglo-xxi-muy-original","status":"publish","type":"post","link":"https:\/\/somosdelprieto.com\/index.php\/2023\/06\/01\/british-igualdad-una-subida-al-aula-del-siglo-xxi-muy-original\/","title":{"rendered":"British- Igualdad, una subida  al Aula del Siglo XXI muy original"},"content":{"rendered":"\n<p>Desde el Equipo British y en colaboraci\u00f3n con el Equipo de Igualdad, hemos trabajado de manera multidisciplinar en la decoraci\u00f3n de los frontales de la escalera de acceso al Aula del Siglo XXI preparando citas de autores y autoras de todo el mundo, que hayan sido inspiradoras de alg\u00fan modo para el alumnado participante.<\/p>\n\n\n\n<p>Ahora es el momento de elegir, cu\u00e1les de todas esas citas, decorar\u00e1n finalmente nuestros 18 frontales de pelda\u00f1os, destinando igual n\u00famero de frontales a los autores que a las autoras, como muestra de lo que para nuestro IES significa la igualdad.<\/p>\n\n\n\n<p>Deseamos que esta actividad sea sentida por toda la comunidad, y por ello, a trav\u00e9s de este formulario enviado a toda la Comunidad Educativa a trav\u00e9s de Educamos CLM, desde hoy 1 de junio hasta el 09 de junio, se proceder\u00e1 a la votaci\u00f3n.<\/p>\n\n\n\n<figure class=\"wp-block-image size-large\"><img loading=\"lazy\" decoding=\"async\" width=\"695\" height=\"566\" src=\"https:\/\/somosdelprieto.com\/wp-content\/uploads\/2023\/06\/Formulario-Frontales.png\" alt=\"\" class=\"wp-image-15262\" srcset=\"https:\/\/somosdelprieto.com\/wp-content\/uploads\/2023\/06\/Formulario-Frontales.png 695w, https:\/\/somosdelprieto.com\/wp-content\/uploads\/2023\/06\/Formulario-Frontales-300x244.png 300w\" sizes=\"auto, (max-width: 695px) 100vw, 695px\" \/><\/figure>\n\n\n\n<p>Adem\u00e1s, en breve, vamos a lanzar un concurso de dise\u00f1o de mosaicos&nbsp; originales, libres de derechos de autor\u2026etc\u2026 para que el pelda\u00f1o 11, del primer tramo de la escalera, sea un pelda\u00f1o de uni\u00f3n, un pelda\u00f1o de color, un pelda\u00f1o que muestre que cada pieza encaja y prepara el maravilloso puzzle de la igualdad.<\/p>\n\n\n\n<figure class=\"wp-block-image size-large is-style-rounded\"><img loading=\"lazy\" decoding=\"async\" width=\"1024\" height=\"682\" src=\"https:\/\/somosdelprieto.com\/wp-content\/uploads\/2023\/06\/mosaic-gdb40e6b81_1280-1024x682.jpg\" alt=\"\" class=\"wp-image-15261\" srcset=\"https:\/\/somosdelprieto.com\/wp-content\/uploads\/2023\/06\/mosaic-gdb40e6b81_1280-1024x682.jpg 1024w, https:\/\/somosdelprieto.com\/wp-content\/uploads\/2023\/06\/mosaic-gdb40e6b81_1280-300x200.jpg 300w, https:\/\/somosdelprieto.com\/wp-content\/uploads\/2023\/06\/mosaic-gdb40e6b81_1280-768x512.jpg 768w, https:\/\/somosdelprieto.com\/wp-content\/uploads\/2023\/06\/mosaic-gdb40e6b81_1280.jpg 1280w\" sizes=\"auto, (max-width: 767px) 89vw, (max-width: 1000px) 54vw, (max-width: 1071px) 543px, 580px\" \/><figcaption>                                                      Imagen de&nbsp;<a href=\"https:\/\/pixabay.com\/es\/users\/652234-652234\/?utm_source=link-attribution&amp;utm_medium=referral&amp;utm_campaign=image&amp;utm_content=3394372\">Hands off my tags! Michael Gaida<\/a>&nbsp;en&nbsp;<a href=\"https:\/\/pixabay.com\/es\/\/?utm_source=link-attribution&amp;utm_medium=referral&amp;utm_campaign=image&amp;utm_content=3394372\">Pixabay<\/a><\/figcaption><\/figure>\n\n\n\n<p class=\"has-text-align-center\"><span class=\"has-inline-color has-vivid-green-cyan-color\">MUCHAS GRACIAS POR VUESTRA COLABORACI\u00d3N<\/span><\/p>\n","protected":false},"excerpt":{"rendered":"<p>Desde el Equipo British y en colaboraci\u00f3n con el Equipo de Igualdad, hemos trabajado de manera multidisciplinar en la decoraci\u00f3n de los frontales de la escalera de acceso al Aula del Siglo XXI preparando citas de autores y autoras de todo el mundo, que hayan sido inspiradoras de alg\u00fan modo para el alumnado participante. Ahora &hellip; <\/p>\n<p class=\"link-more\"><a href=\"https:\/\/somosdelprieto.com\/index.php\/2023\/06\/01\/british-igualdad-una-subida-al-aula-del-siglo-xxi-muy-original\/\" class=\"more-link\">Continuar leyendo<span class=\"screen-reader-text\"> \u00abBritish- Igualdad, una subida  al Aula del Siglo XXI muy original\u00bb<\/span><\/a><\/p>\n","protected":false},"author":46,"featured_media":1744,"comment_status":"closed","ping_status":"closed","sticky":false,"template":"","format":"standard","meta":{"footnotes":""},"categories":[6,8,99,36,1,66],"tags":[125,258,107,90,92],"class_list":["post-15260","post","type-post","status-publish","format-standard","has-post-thumbnail","hentry","category-british","category-comercio","category-igualdad","category-ingles","category-noticias","category-steam","tag-british","tag-comercio-y-marketing","tag-igualdad","tag-ingles","tag-steam"],"_links":{"self":[{"href":"https:\/\/somosdelprieto.com\/index.php\/wp-json\/wp\/v2\/posts\/15260","targetHints":{"allow":["GET"]}}],"collection":[{"href":"https:\/\/somosdelprieto.com\/index.php\/wp-json\/wp\/v2\/posts"}],"about":[{"href":"https:\/\/somosdelprieto.com\/index.php\/wp-json\/wp\/v2\/types\/post"}],"author":[{"embeddable":true,"href":"https:\/\/somosdelprieto.com\/index.php\/wp-json\/wp\/v2\/users\/46"}],"replies":[{"embeddable":true,"href":"https:\/\/somosdelprieto.com\/index.php\/wp-json\/wp\/v2\/comments?post=15260"}],"version-history":[{"count":3,"href":"https:\/\/somosdelprieto.com\/index.php\/wp-json\/wp\/v2\/posts\/15260\/revisions"}],"predecessor-version":[{"id":15273,"href":"https:\/\/somosdelprieto.com\/index.php\/wp-json\/wp\/v2\/posts\/15260\/revisions\/15273"}],"wp:featuredmedia":[{"embeddable":true,"href":"https:\/\/somosdelprieto.com\/index.php\/wp-json\/wp\/v2\/media\/1744"}],"wp:attachment":[{"href":"https:\/\/somosdelprieto.com\/index.php\/wp-json\/wp\/v2\/media?parent=15260"}],"wp:term":[{"taxonomy":"category","embeddable":true,"href":"https:\/\/somosdelprieto.com\/index.php\/wp-json\/wp\/v2\/categories?post=15260"},{"taxonomy":"post_tag","embeddable":true,"href":"https:\/\/somosdelprieto.com\/index.php\/wp-json\/wp\/v2\/tags?post=15260"}],"curies":[{"name":"wp","href":"https:\/\/api.w.org\/{rel}","templated":true}]}}