{"id":15186,"date":"2023-05-29T17:21:33","date_gmt":"2023-05-29T15:21:33","guid":{"rendered":"https:\/\/somosdelprieto.com\/?p=15186"},"modified":"2023-05-29T17:21:33","modified_gmt":"2023-05-29T15:21:33","slug":"movilidad-erasmus-de-grupo-a-selfoss-islandia","status":"publish","type":"post","link":"https:\/\/somosdelprieto.com\/index.php\/2023\/05\/29\/movilidad-erasmus-de-grupo-a-selfoss-islandia\/","title":{"rendered":"Movilidad Erasmus+ de grupo a Selfoss, Islandia."},"content":{"rendered":"\n<p>La semana del 14 al 20 de mayo, 5 estudiantes de 1\u00ba y 2\u00ba de la ESO viajaron a Islandia acompa\u00f1ados\/as por las profesoras Nuria Rufi\u00e1n y Virginia Vidal.  Esta movilidad se encuadra dentro del proyecto Erasmus+ <em>One United Europe from North to South. <\/em>La tem\u00e1tica de este encuentro versaba sobre \u00abpaisajes\u00bb, y el encuentro se celebr\u00f3 con la asistencia de todos los pa\u00edses del proyecto: Alemania, Suecia, Eslovaquia, Malta, Espa\u00f1a y el anfitri\u00f3n, Islandia. Los estudiantes de todos los pa\u00edses socios se alojaron en familias islandesas teniendo la oportunidad de estar en contacto y conocer la cultura de este pa\u00eds de una forma muy enriquecedora. <\/p>\n\n\n\n<figure class=\"wp-block-image size-large\"><img loading=\"lazy\" decoding=\"async\" width=\"1024\" height=\"768\" src=\"https:\/\/somosdelprieto.com\/wp-content\/uploads\/2023\/05\/42e9b953-7712-4639-bcf9-ac981167de7f-1024x768.jpg\" alt=\"\" class=\"wp-image-15187\" srcset=\"https:\/\/somosdelprieto.com\/wp-content\/uploads\/2023\/05\/42e9b953-7712-4639-bcf9-ac981167de7f-1024x768.jpg 1024w, https:\/\/somosdelprieto.com\/wp-content\/uploads\/2023\/05\/42e9b953-7712-4639-bcf9-ac981167de7f-300x225.jpg 300w, https:\/\/somosdelprieto.com\/wp-content\/uploads\/2023\/05\/42e9b953-7712-4639-bcf9-ac981167de7f-768x576.jpg 768w, https:\/\/somosdelprieto.com\/wp-content\/uploads\/2023\/05\/42e9b953-7712-4639-bcf9-ac981167de7f-1536x1152.jpg 1536w, https:\/\/somosdelprieto.com\/wp-content\/uploads\/2023\/05\/42e9b953-7712-4639-bcf9-ac981167de7f.jpg 2016w\" sizes=\"auto, (max-width: 767px) 89vw, (max-width: 1000px) 54vw, (max-width: 1071px) 543px, 580px\" \/><\/figure>\n\n\n\n<p>Durante las jornadas de trabajo en el centro educativo, el alumnado tuvo la oportunidad de profundizar en la cultura islandesa a trav\u00e9s de la creaci\u00f3n de un gran puzzle sobre las diferencias y similitudes entre los pa\u00edses socios, clases de cocina tradicional islandesa, taller del idioma island\u00e9s y la creaci\u00f3n de un libro digital colaborativo sobre la semana del encuentro. <\/p>\n\n\n\n<figure class=\"wp-block-image size-large\"><img loading=\"lazy\" decoding=\"async\" width=\"1024\" height=\"768\" src=\"https:\/\/somosdelprieto.com\/wp-content\/uploads\/2023\/05\/IMG_5091-1024x768.jpg\" alt=\"\" class=\"wp-image-15188\" srcset=\"https:\/\/somosdelprieto.com\/wp-content\/uploads\/2023\/05\/IMG_5091-1024x768.jpg 1024w, https:\/\/somosdelprieto.com\/wp-content\/uploads\/2023\/05\/IMG_5091-300x225.jpg 300w, https:\/\/somosdelprieto.com\/wp-content\/uploads\/2023\/05\/IMG_5091-768x576.jpg 768w, https:\/\/somosdelprieto.com\/wp-content\/uploads\/2023\/05\/IMG_5091-1536x1152.jpg 1536w, https:\/\/somosdelprieto.com\/wp-content\/uploads\/2023\/05\/IMG_5091-2048x1536.jpg 2048w\" sizes=\"auto, (max-width: 767px) 89vw, (max-width: 1000px) 54vw, (max-width: 1071px) 543px, 580px\" \/><\/figure>\n\n\n\n<figure class=\"wp-block-image size-large\"><img loading=\"lazy\" decoding=\"async\" width=\"768\" height=\"1024\" src=\"https:\/\/somosdelprieto.com\/wp-content\/uploads\/2023\/05\/IMG_5102-768x1024.jpg\" alt=\"\" class=\"wp-image-15189\" srcset=\"https:\/\/somosdelprieto.com\/wp-content\/uploads\/2023\/05\/IMG_5102-768x1024.jpg 768w, https:\/\/somosdelprieto.com\/wp-content\/uploads\/2023\/05\/IMG_5102-225x300.jpg 225w, https:\/\/somosdelprieto.com\/wp-content\/uploads\/2023\/05\/IMG_5102-1152x1536.jpg 1152w, https:\/\/somosdelprieto.com\/wp-content\/uploads\/2023\/05\/IMG_5102-1536x2048.jpg 1536w, https:\/\/somosdelprieto.com\/wp-content\/uploads\/2023\/05\/IMG_5102-scaled.jpg 1920w\" sizes=\"auto, (max-width: 767px) 89vw, (max-width: 1000px) 54vw, (max-width: 1071px) 543px, 580px\" \/><\/figure>\n\n\n\n<figure class=\"wp-block-image size-large\"><img loading=\"lazy\" decoding=\"async\" width=\"1024\" height=\"768\" src=\"https:\/\/somosdelprieto.com\/wp-content\/uploads\/2023\/05\/IMG_5319-1024x768.jpg\" alt=\"\" class=\"wp-image-15190\" srcset=\"https:\/\/somosdelprieto.com\/wp-content\/uploads\/2023\/05\/IMG_5319-1024x768.jpg 1024w, https:\/\/somosdelprieto.com\/wp-content\/uploads\/2023\/05\/IMG_5319-300x225.jpg 300w, https:\/\/somosdelprieto.com\/wp-content\/uploads\/2023\/05\/IMG_5319-768x576.jpg 768w, https:\/\/somosdelprieto.com\/wp-content\/uploads\/2023\/05\/IMG_5319-1536x1152.jpg 1536w, https:\/\/somosdelprieto.com\/wp-content\/uploads\/2023\/05\/IMG_5319-2048x1536.jpg 2048w\" sizes=\"auto, (max-width: 767px) 89vw, (max-width: 1000px) 54vw, (max-width: 1071px) 543px, 580px\" \/><\/figure>\n\n\n\n<p>En cuanto a las visitas culturales, el alumnado pudo visitar el Museo del Skyr, realizar una jornada de senderismo en el parque natural de Reykjadalur, recorrer parte de la ruta del C\u00edrculo dorado con paradas en el Parque Nacional de Pingvellir, Geysir (donde han podido ver varios g\u00e9iseres en acci\u00f3n) y las cataratas de Gullfoss. Tambi\u00e9n visitaron el Museo Perlan de Reikiavik. <\/p>\n\n\n\n<p><\/p>\n\n\n\n<figure class=\"wp-block-image size-large\"><img loading=\"lazy\" decoding=\"async\" width=\"768\" height=\"1024\" src=\"https:\/\/somosdelprieto.com\/wp-content\/uploads\/2023\/05\/IMG_5235-768x1024.jpg\" alt=\"\" class=\"wp-image-15192\" srcset=\"https:\/\/somosdelprieto.com\/wp-content\/uploads\/2023\/05\/IMG_5235-768x1024.jpg 768w, https:\/\/somosdelprieto.com\/wp-content\/uploads\/2023\/05\/IMG_5235-225x300.jpg 225w, https:\/\/somosdelprieto.com\/wp-content\/uploads\/2023\/05\/IMG_5235-1152x1536.jpg 1152w, https:\/\/somosdelprieto.com\/wp-content\/uploads\/2023\/05\/IMG_5235-1536x2048.jpg 1536w, https:\/\/somosdelprieto.com\/wp-content\/uploads\/2023\/05\/IMG_5235-scaled.jpg 1920w\" sizes=\"auto, (max-width: 767px) 89vw, (max-width: 1000px) 54vw, (max-width: 1071px) 543px, 580px\" \/><\/figure>\n\n\n\n<p>Este proyecto ha sido muy enriquecedor para nuestro alumnado, y estamos deseando poder continuar con m\u00e1s actividades relacionadas con \u00e9l, de cara a las pr\u00f3ximas movilidades que nos esperan el curso que viene. <\/p>\n\n\n\n<p><\/p>\n\n\n\n<p><\/p>\n","protected":false},"excerpt":{"rendered":"<p>La semana del 14 al 20 de mayo, 5 estudiantes de 1\u00ba y 2\u00ba de la ESO viajaron a Islandia acompa\u00f1ados\/as por las profesoras Nuria Rufi\u00e1n y Virginia Vidal. Esta movilidad se encuadra dentro del proyecto Erasmus+ One United Europe from North to South. La tem\u00e1tica de este encuentro versaba sobre \u00abpaisajes\u00bb, y el encuentro &hellip; <\/p>\n<p class=\"link-more\"><a href=\"https:\/\/somosdelprieto.com\/index.php\/2023\/05\/29\/movilidad-erasmus-de-grupo-a-selfoss-islandia\/\" class=\"more-link\">Continuar leyendo<span class=\"screen-reader-text\"> \u00abMovilidad Erasmus+ de grupo a Selfoss, Islandia.\u00bb<\/span><\/a><\/p>\n","protected":false},"author":36,"featured_media":15193,"comment_status":"closed","ping_status":"closed","sticky":false,"template":"","format":"standard","meta":{"footnotes":""},"categories":[4,1],"tags":[115],"class_list":["post-15186","post","type-post","status-publish","format-standard","has-post-thumbnail","hentry","category-erasmus","category-noticias","tag-noticias"],"_links":{"self":[{"href":"https:\/\/somosdelprieto.com\/index.php\/wp-json\/wp\/v2\/posts\/15186","targetHints":{"allow":["GET"]}}],"collection":[{"href":"https:\/\/somosdelprieto.com\/index.php\/wp-json\/wp\/v2\/posts"}],"about":[{"href":"https:\/\/somosdelprieto.com\/index.php\/wp-json\/wp\/v2\/types\/post"}],"author":[{"embeddable":true,"href":"https:\/\/somosdelprieto.com\/index.php\/wp-json\/wp\/v2\/users\/36"}],"replies":[{"embeddable":true,"href":"https:\/\/somosdelprieto.com\/index.php\/wp-json\/wp\/v2\/comments?post=15186"}],"version-history":[{"count":2,"href":"https:\/\/somosdelprieto.com\/index.php\/wp-json\/wp\/v2\/posts\/15186\/revisions"}],"predecessor-version":[{"id":15194,"href":"https:\/\/somosdelprieto.com\/index.php\/wp-json\/wp\/v2\/posts\/15186\/revisions\/15194"}],"wp:featuredmedia":[{"embeddable":true,"href":"https:\/\/somosdelprieto.com\/index.php\/wp-json\/wp\/v2\/media\/15193"}],"wp:attachment":[{"href":"https:\/\/somosdelprieto.com\/index.php\/wp-json\/wp\/v2\/media?parent=15186"}],"wp:term":[{"taxonomy":"category","embeddable":true,"href":"https:\/\/somosdelprieto.com\/index.php\/wp-json\/wp\/v2\/categories?post=15186"},{"taxonomy":"post_tag","embeddable":true,"href":"https:\/\/somosdelprieto.com\/index.php\/wp-json\/wp\/v2\/tags?post=15186"}],"curies":[{"name":"wp","href":"https:\/\/api.w.org\/{rel}","templated":true}]}}