{"id":14874,"date":"2023-05-09T14:30:12","date_gmt":"2023-05-09T12:30:12","guid":{"rendered":"https:\/\/somosdelprieto.com\/?p=14874"},"modified":"2023-05-10T18:32:47","modified_gmt":"2023-05-10T16:32:47","slug":"finalizacion-con-exito-de-la-movilidad-erasmus-de-nuestro-alumnado-y-profesorado-de-sistemas-microinformaticos-y-redes","status":"publish","type":"post","link":"https:\/\/somosdelprieto.com\/index.php\/2023\/05\/09\/finalizacion-con-exito-de-la-movilidad-erasmus-de-nuestro-alumnado-y-profesorado-de-sistemas-microinformaticos-y-redes\/","title":{"rendered":"Finalizaci\u00f3n con \u00e9xito de la movilidad Erasmus de nuestro alumnado y profesorado de Sistemas Microinform\u00e1ticos y Redes"},"content":{"rendered":"<p>El viernes 5 de Mayo finaliz\u00f3 la movilidad de 12 d\u00edas en Bursa (Turqu\u00eda) que 4 estudiantes de 1\u00ba y 2\u00ba de nuestro ciclo de grado medio Sistemas Microinform\u00e1ticos y Redes y profesorado acompa\u00f1ante.<br>\nDurante su estancia en Turqu\u00eda, el alumnado ha desarrollado talleres de diferentes temas relacionados con inform\u00e1tica (rob\u00f3tica, programaci\u00f3n, dise\u00f1o 3D, redes y comunicaciones,&#8230;) as\u00ed como visitas a empresas de este \u00e1mbito y visitas culturales a la ciudad de Bursa y alrededores.<br>\nQueremos agradecer al profesorado y a las familias que han acogido a nuestro alumnado por el excelente trato recibido.<\/p>\n\n\n<figure class=\"wp-block-gallery columns-3 is-cropped wp-block-gallery-1 is-layout-flex wp-block-gallery-is-layout-flex\"><ul class=\"blocks-gallery-grid\"><li class=\"blocks-gallery-item\"><figure><img loading=\"lazy\" decoding=\"async\" width=\"1024\" height=\"768\" src=\"https:\/\/somosdelprieto.com\/wp-content\/uploads\/2023\/05\/WhatsApp-Image-2023-04-28-at-07.09.00-1024x768.jpeg\" alt=\"\" data-id=\"14877\" data-full-url=\"https:\/\/somosdelprieto.com\/wp-content\/uploads\/2023\/05\/WhatsApp-Image-2023-04-28-at-07.09.00.jpeg\" data-link=\"https:\/\/somosdelprieto.com\/?attachment_id=14877\" class=\"wp-image-14877\" srcset=\"https:\/\/somosdelprieto.com\/wp-content\/uploads\/2023\/05\/WhatsApp-Image-2023-04-28-at-07.09.00-1024x768.jpeg 1024w, https:\/\/somosdelprieto.com\/wp-content\/uploads\/2023\/05\/WhatsApp-Image-2023-04-28-at-07.09.00-300x225.jpeg 300w, https:\/\/somosdelprieto.com\/wp-content\/uploads\/2023\/05\/WhatsApp-Image-2023-04-28-at-07.09.00-768x576.jpeg 768w, https:\/\/somosdelprieto.com\/wp-content\/uploads\/2023\/05\/WhatsApp-Image-2023-04-28-at-07.09.00-1536x1152.jpeg 1536w, https:\/\/somosdelprieto.com\/wp-content\/uploads\/2023\/05\/WhatsApp-Image-2023-04-28-at-07.09.00.jpeg 1600w\" sizes=\"auto, (max-width: 767px) 89vw, (max-width: 1000px) 54vw, (max-width: 1071px) 543px, 580px\" \/><\/figure><\/li><li class=\"blocks-gallery-item\"><figure><img loading=\"lazy\" decoding=\"async\" width=\"1024\" height=\"768\" src=\"https:\/\/somosdelprieto.com\/wp-content\/uploads\/2023\/05\/WhatsApp-Image-2023-04-28-at-07.08.59-1024x768.jpeg\" alt=\"\" data-id=\"14878\" data-full-url=\"https:\/\/somosdelprieto.com\/wp-content\/uploads\/2023\/05\/WhatsApp-Image-2023-04-28-at-07.08.59.jpeg\" data-link=\"https:\/\/somosdelprieto.com\/?attachment_id=14878\" class=\"wp-image-14878\" srcset=\"https:\/\/somosdelprieto.com\/wp-content\/uploads\/2023\/05\/WhatsApp-Image-2023-04-28-at-07.08.59-1024x768.jpeg 1024w, https:\/\/somosdelprieto.com\/wp-content\/uploads\/2023\/05\/WhatsApp-Image-2023-04-28-at-07.08.59-300x225.jpeg 300w, https:\/\/somosdelprieto.com\/wp-content\/uploads\/2023\/05\/WhatsApp-Image-2023-04-28-at-07.08.59-768x576.jpeg 768w, https:\/\/somosdelprieto.com\/wp-content\/uploads\/2023\/05\/WhatsApp-Image-2023-04-28-at-07.08.59-1536x1152.jpeg 1536w, https:\/\/somosdelprieto.com\/wp-content\/uploads\/2023\/05\/WhatsApp-Image-2023-04-28-at-07.08.59.jpeg 1600w\" sizes=\"auto, (max-width: 767px) 89vw, (max-width: 1000px) 54vw, (max-width: 1071px) 543px, 580px\" \/><\/figure><\/li><li class=\"blocks-gallery-item\"><figure><img loading=\"lazy\" decoding=\"async\" width=\"1024\" height=\"768\" src=\"https:\/\/somosdelprieto.com\/wp-content\/uploads\/2023\/05\/WhatsApp-Image-2023-04-28-at-07.08.58-1-1024x768.jpeg\" alt=\"\" data-id=\"14879\" data-full-url=\"https:\/\/somosdelprieto.com\/wp-content\/uploads\/2023\/05\/WhatsApp-Image-2023-04-28-at-07.08.58-1.jpeg\" data-link=\"https:\/\/somosdelprieto.com\/?attachment_id=14879\" class=\"wp-image-14879\" srcset=\"https:\/\/somosdelprieto.com\/wp-content\/uploads\/2023\/05\/WhatsApp-Image-2023-04-28-at-07.08.58-1-1024x768.jpeg 1024w, https:\/\/somosdelprieto.com\/wp-content\/uploads\/2023\/05\/WhatsApp-Image-2023-04-28-at-07.08.58-1-300x225.jpeg 300w, https:\/\/somosdelprieto.com\/wp-content\/uploads\/2023\/05\/WhatsApp-Image-2023-04-28-at-07.08.58-1-768x576.jpeg 768w, https:\/\/somosdelprieto.com\/wp-content\/uploads\/2023\/05\/WhatsApp-Image-2023-04-28-at-07.08.58-1-1536x1152.jpeg 1536w, https:\/\/somosdelprieto.com\/wp-content\/uploads\/2023\/05\/WhatsApp-Image-2023-04-28-at-07.08.58-1.jpeg 1600w\" sizes=\"auto, (max-width: 767px) 89vw, (max-width: 1000px) 54vw, (max-width: 1071px) 543px, 580px\" \/><\/figure><\/li><li class=\"blocks-gallery-item\"><figure><img loading=\"lazy\" decoding=\"async\" width=\"1024\" height=\"768\" src=\"https:\/\/somosdelprieto.com\/wp-content\/uploads\/2023\/05\/WhatsApp-Image-2023-04-28-at-07.08.58-1024x768.jpeg\" alt=\"\" data-id=\"14881\" data-full-url=\"https:\/\/somosdelprieto.com\/wp-content\/uploads\/2023\/05\/WhatsApp-Image-2023-04-28-at-07.08.58.jpeg\" data-link=\"https:\/\/somosdelprieto.com\/index.php\/2023\/05\/09\/finalizacion-con-exito-de-la-movilidad-erasmus-de-nuestro-alumnado-y-profesorado-de-sistemas-microinformaticos-y-redes\/whatsapp-image-2023-04-28-at-07-08-58\/\" class=\"wp-image-14881\" srcset=\"https:\/\/somosdelprieto.com\/wp-content\/uploads\/2023\/05\/WhatsApp-Image-2023-04-28-at-07.08.58-1024x768.jpeg 1024w, https:\/\/somosdelprieto.com\/wp-content\/uploads\/2023\/05\/WhatsApp-Image-2023-04-28-at-07.08.58-300x225.jpeg 300w, https:\/\/somosdelprieto.com\/wp-content\/uploads\/2023\/05\/WhatsApp-Image-2023-04-28-at-07.08.58-768x576.jpeg 768w, https:\/\/somosdelprieto.com\/wp-content\/uploads\/2023\/05\/WhatsApp-Image-2023-04-28-at-07.08.58-1536x1152.jpeg 1536w, https:\/\/somosdelprieto.com\/wp-content\/uploads\/2023\/05\/WhatsApp-Image-2023-04-28-at-07.08.58.jpeg 1600w\" sizes=\"auto, (max-width: 767px) 89vw, (max-width: 1000px) 54vw, (max-width: 1071px) 543px, 580px\" \/><\/figure><\/li><li class=\"blocks-gallery-item\"><figure><img loading=\"lazy\" decoding=\"async\" width=\"1024\" height=\"682\" src=\"https:\/\/somosdelprieto.com\/wp-content\/uploads\/2023\/05\/WhatsApp-Image-2023-04-29-at-19.13.04-1024x682.jpeg\" alt=\"\" data-id=\"14882\" data-full-url=\"https:\/\/somosdelprieto.com\/wp-content\/uploads\/2023\/05\/WhatsApp-Image-2023-04-29-at-19.13.04.jpeg\" data-link=\"https:\/\/somosdelprieto.com\/index.php\/2023\/05\/09\/finalizacion-con-exito-de-la-movilidad-erasmus-de-nuestro-alumnado-y-profesorado-de-sistemas-microinformaticos-y-redes\/whatsapp-image-2023-04-29-at-19-13-04\/\" class=\"wp-image-14882\" srcset=\"https:\/\/somosdelprieto.com\/wp-content\/uploads\/2023\/05\/WhatsApp-Image-2023-04-29-at-19.13.04-1024x682.jpeg 1024w, https:\/\/somosdelprieto.com\/wp-content\/uploads\/2023\/05\/WhatsApp-Image-2023-04-29-at-19.13.04-300x200.jpeg 300w, https:\/\/somosdelprieto.com\/wp-content\/uploads\/2023\/05\/WhatsApp-Image-2023-04-29-at-19.13.04-768x512.jpeg 768w, https:\/\/somosdelprieto.com\/wp-content\/uploads\/2023\/05\/WhatsApp-Image-2023-04-29-at-19.13.04-1536x1023.jpeg 1536w, https:\/\/somosdelprieto.com\/wp-content\/uploads\/2023\/05\/WhatsApp-Image-2023-04-29-at-19.13.04.jpeg 1600w\" sizes=\"auto, (max-width: 767px) 89vw, (max-width: 1000px) 54vw, (max-width: 1071px) 543px, 580px\" \/><\/figure><\/li><li class=\"blocks-gallery-item\"><figure><img loading=\"lazy\" decoding=\"async\" width=\"1024\" height=\"768\" src=\"https:\/\/somosdelprieto.com\/wp-content\/uploads\/2023\/05\/WhatsApp-Image-2023-05-01-at-17.54.25.jpeg\" alt=\"\" data-id=\"14883\" data-full-url=\"https:\/\/somosdelprieto.com\/wp-content\/uploads\/2023\/05\/WhatsApp-Image-2023-05-01-at-17.54.25.jpeg\" data-link=\"https:\/\/somosdelprieto.com\/index.php\/2023\/05\/09\/finalizacion-con-exito-de-la-movilidad-erasmus-de-nuestro-alumnado-y-profesorado-de-sistemas-microinformaticos-y-redes\/whatsapp-image-2023-05-01-at-17-54-25\/\" class=\"wp-image-14883\" srcset=\"https:\/\/somosdelprieto.com\/wp-content\/uploads\/2023\/05\/WhatsApp-Image-2023-05-01-at-17.54.25.jpeg 1024w, https:\/\/somosdelprieto.com\/wp-content\/uploads\/2023\/05\/WhatsApp-Image-2023-05-01-at-17.54.25-300x225.jpeg 300w, https:\/\/somosdelprieto.com\/wp-content\/uploads\/2023\/05\/WhatsApp-Image-2023-05-01-at-17.54.25-768x576.jpeg 768w\" sizes=\"auto, (max-width: 767px) 89vw, (max-width: 1000px) 54vw, (max-width: 1071px) 543px, 580px\" \/><\/figure><\/li><li class=\"blocks-gallery-item\"><figure><img loading=\"lazy\" decoding=\"async\" width=\"1024\" height=\"768\" src=\"https:\/\/somosdelprieto.com\/wp-content\/uploads\/2023\/05\/WhatsApp-Image-2023-05-01-at-17.54.39.jpeg\" alt=\"\" data-id=\"14884\" data-full-url=\"https:\/\/somosdelprieto.com\/wp-content\/uploads\/2023\/05\/WhatsApp-Image-2023-05-01-at-17.54.39.jpeg\" data-link=\"https:\/\/somosdelprieto.com\/index.php\/2023\/05\/09\/finalizacion-con-exito-de-la-movilidad-erasmus-de-nuestro-alumnado-y-profesorado-de-sistemas-microinformaticos-y-redes\/whatsapp-image-2023-05-01-at-17-54-39\/\" class=\"wp-image-14884\" srcset=\"https:\/\/somosdelprieto.com\/wp-content\/uploads\/2023\/05\/WhatsApp-Image-2023-05-01-at-17.54.39.jpeg 1024w, https:\/\/somosdelprieto.com\/wp-content\/uploads\/2023\/05\/WhatsApp-Image-2023-05-01-at-17.54.39-300x225.jpeg 300w, https:\/\/somosdelprieto.com\/wp-content\/uploads\/2023\/05\/WhatsApp-Image-2023-05-01-at-17.54.39-768x576.jpeg 768w\" sizes=\"auto, (max-width: 767px) 89vw, (max-width: 1000px) 54vw, (max-width: 1071px) 543px, 580px\" \/><\/figure><\/li><li class=\"blocks-gallery-item\"><figure><img loading=\"lazy\" decoding=\"async\" width=\"1024\" height=\"768\" src=\"https:\/\/somosdelprieto.com\/wp-content\/uploads\/2023\/05\/WhatsApp-Image-2023-05-05-at-11.57.01-1024x768.jpeg\" alt=\"\" data-id=\"14885\" data-full-url=\"https:\/\/somosdelprieto.com\/wp-content\/uploads\/2023\/05\/WhatsApp-Image-2023-05-05-at-11.57.01.jpeg\" data-link=\"https:\/\/somosdelprieto.com\/index.php\/2023\/05\/09\/finalizacion-con-exito-de-la-movilidad-erasmus-de-nuestro-alumnado-y-profesorado-de-sistemas-microinformaticos-y-redes\/whatsapp-image-2023-05-05-at-11-57-01\/\" class=\"wp-image-14885\" srcset=\"https:\/\/somosdelprieto.com\/wp-content\/uploads\/2023\/05\/WhatsApp-Image-2023-05-05-at-11.57.01-1024x768.jpeg 1024w, https:\/\/somosdelprieto.com\/wp-content\/uploads\/2023\/05\/WhatsApp-Image-2023-05-05-at-11.57.01-300x225.jpeg 300w, https:\/\/somosdelprieto.com\/wp-content\/uploads\/2023\/05\/WhatsApp-Image-2023-05-05-at-11.57.01-768x576.jpeg 768w, https:\/\/somosdelprieto.com\/wp-content\/uploads\/2023\/05\/WhatsApp-Image-2023-05-05-at-11.57.01-1536x1152.jpeg 1536w, https:\/\/somosdelprieto.com\/wp-content\/uploads\/2023\/05\/WhatsApp-Image-2023-05-05-at-11.57.01.jpeg 2048w\" sizes=\"auto, (max-width: 767px) 89vw, (max-width: 1000px) 54vw, (max-width: 1071px) 543px, 580px\" \/><\/figure><\/li><\/ul><\/figure>\n","protected":false},"excerpt":{"rendered":"<p>El viernes 5 de Mayo finaliz\u00f3 la movilidad de 12 d\u00edas en Bursa (Turqu\u00eda) que 4 estudiantes de 1\u00ba y 2\u00ba de nuestro ciclo de grado medio Sistemas Microinform\u00e1ticos y Redes y profesorado acompa\u00f1ante. Durante su estancia en Turqu\u00eda, el alumnado ha desarrollado talleres de diferentes temas relacionados con inform\u00e1tica (rob\u00f3tica, programaci\u00f3n, dise\u00f1o 3D, redes &hellip; <\/p>\n<p class=\"link-more\"><a href=\"https:\/\/somosdelprieto.com\/index.php\/2023\/05\/09\/finalizacion-con-exito-de-la-movilidad-erasmus-de-nuestro-alumnado-y-profesorado-de-sistemas-microinformaticos-y-redes\/\" class=\"more-link\">Continuar leyendo<span class=\"screen-reader-text\"> \u00abFinalizaci\u00f3n con \u00e9xito de la movilidad Erasmus de nuestro alumnado y profesorado de Sistemas Microinform\u00e1ticos y Redes\u00bb<\/span><\/a><\/p>\n","protected":false},"author":3,"featured_media":14964,"comment_status":"closed","ping_status":"closed","sticky":false,"template":"","format":"standard","meta":{"footnotes":""},"categories":[1],"tags":[],"class_list":["post-14874","post","type-post","status-publish","format-standard","has-post-thumbnail","hentry","category-noticias"],"_links":{"self":[{"href":"https:\/\/somosdelprieto.com\/index.php\/wp-json\/wp\/v2\/posts\/14874","targetHints":{"allow":["GET"]}}],"collection":[{"href":"https:\/\/somosdelprieto.com\/index.php\/wp-json\/wp\/v2\/posts"}],"about":[{"href":"https:\/\/somosdelprieto.com\/index.php\/wp-json\/wp\/v2\/types\/post"}],"author":[{"embeddable":true,"href":"https:\/\/somosdelprieto.com\/index.php\/wp-json\/wp\/v2\/users\/3"}],"replies":[{"embeddable":true,"href":"https:\/\/somosdelprieto.com\/index.php\/wp-json\/wp\/v2\/comments?post=14874"}],"version-history":[{"count":2,"href":"https:\/\/somosdelprieto.com\/index.php\/wp-json\/wp\/v2\/posts\/14874\/revisions"}],"predecessor-version":[{"id":14887,"href":"https:\/\/somosdelprieto.com\/index.php\/wp-json\/wp\/v2\/posts\/14874\/revisions\/14887"}],"wp:featuredmedia":[{"embeddable":true,"href":"https:\/\/somosdelprieto.com\/index.php\/wp-json\/wp\/v2\/media\/14964"}],"wp:attachment":[{"href":"https:\/\/somosdelprieto.com\/index.php\/wp-json\/wp\/v2\/media?parent=14874"}],"wp:term":[{"taxonomy":"category","embeddable":true,"href":"https:\/\/somosdelprieto.com\/index.php\/wp-json\/wp\/v2\/categories?post=14874"},{"taxonomy":"post_tag","embeddable":true,"href":"https:\/\/somosdelprieto.com\/index.php\/wp-json\/wp\/v2\/tags?post=14874"}],"curies":[{"name":"wp","href":"https:\/\/api.w.org\/{rel}","templated":true}]}}