{"id":14842,"date":"2023-05-09T14:25:21","date_gmt":"2023-05-09T12:25:21","guid":{"rendered":"https:\/\/somosdelprieto.com\/?p=14842"},"modified":"2023-05-09T14:29:49","modified_gmt":"2023-05-09T12:29:49","slug":"la-formacion-profesional-en-la-region-calidad-garantizada","status":"publish","type":"post","link":"https:\/\/somosdelprieto.com\/index.php\/2023\/05\/09\/la-formacion-profesional-en-la-region-calidad-garantizada\/","title":{"rendered":"La Formaci\u00f3n Profesional en la Regi\u00f3n: Calidad Garantizada."},"content":{"rendered":"\n<p>El viernes pasado, 5 de mayo, tuvo lugar en Cuenca un emotivo acto de clausura del <strong>V Campeonato Auton\u00f3mico de Formaci\u00f3n Profesional<\/strong>. En este evento, se rindi\u00f3 un merecido homenaje a todos los competidores, tutores, coordinadores, patrocinadores y todas las personas involucradas en la organizaci\u00f3n de esta edici\u00f3n del campeonato, quienes han demostrado un esfuerzo y dedicaci\u00f3n excepcionales en los \u00faltimos meses.<\/p>\n\n\n\n<figure class=\"wp-block-image size-large is-style-default\"><img loading=\"lazy\" decoding=\"async\" width=\"1024\" height=\"576\" src=\"https:\/\/somosdelprieto.com\/wp-content\/uploads\/2023\/05\/e545ac08-3d0d-45ab-b3b6-dd23fed41828-1024x576.jpg\" alt=\"\" class=\"wp-image-14871\" srcset=\"https:\/\/somosdelprieto.com\/wp-content\/uploads\/2023\/05\/e545ac08-3d0d-45ab-b3b6-dd23fed41828-1024x576.jpg 1024w, https:\/\/somosdelprieto.com\/wp-content\/uploads\/2023\/05\/e545ac08-3d0d-45ab-b3b6-dd23fed41828-300x169.jpg 300w, https:\/\/somosdelprieto.com\/wp-content\/uploads\/2023\/05\/e545ac08-3d0d-45ab-b3b6-dd23fed41828-768x432.jpg 768w, https:\/\/somosdelprieto.com\/wp-content\/uploads\/2023\/05\/e545ac08-3d0d-45ab-b3b6-dd23fed41828-1536x864.jpg 1536w, https:\/\/somosdelprieto.com\/wp-content\/uploads\/2023\/05\/e545ac08-3d0d-45ab-b3b6-dd23fed41828.jpg 2048w\" sizes=\"auto, (max-width: 767px) 89vw, (max-width: 1000px) 54vw, (max-width: 1071px) 543px, 580px\" \/><\/figure>\n\n\n\n<p>Los Campeonatos Auton\u00f3micos de Formaci\u00f3n Profesional, tambi\u00e9n conocidos como <strong>CLMSkills<\/strong>, se han convertido en uno de los eventos m\u00e1s destacados en el \u00e1mbito de la Formaci\u00f3n Profesional en nuestra regi\u00f3n. Estas competiciones eminentemente pr\u00e1cticas ponen a prueba los conocimientos y habilidades de los alumnos y alumnas en diferentes especialidades, conocidas como Skills. Adem\u00e1s, <strong>son una oportunidad \u00fanica para promover y difundir los estudios de Formaci\u00f3n Profesional<\/strong>, al reunir a profesionales, profesores y estudiantes. Estos campeonatos se celebran cada dos a\u00f1os y sirven como antesala a la convocatoria nacional SpainSkills.<\/p>\n\n\n\n<figure class=\"wp-block-gallery columns-3 is-cropped wp-block-gallery-1 is-layout-flex wp-block-gallery-is-layout-flex\"><ul class=\"blocks-gallery-grid\"><li class=\"blocks-gallery-item\"><figure><img loading=\"lazy\" decoding=\"async\" width=\"1024\" height=\"768\" src=\"https:\/\/somosdelprieto.com\/wp-content\/uploads\/2023\/05\/IMG_9833-1024x768.jpeg\" alt=\"\" data-id=\"14851\" data-full-url=\"https:\/\/somosdelprieto.com\/wp-content\/uploads\/2023\/05\/IMG_9833-scaled.jpeg\" data-link=\"https:\/\/somosdelprieto.com\/?attachment_id=14851\" class=\"wp-image-14851\" srcset=\"https:\/\/somosdelprieto.com\/wp-content\/uploads\/2023\/05\/IMG_9833-1024x768.jpeg 1024w, https:\/\/somosdelprieto.com\/wp-content\/uploads\/2023\/05\/IMG_9833-300x225.jpeg 300w, https:\/\/somosdelprieto.com\/wp-content\/uploads\/2023\/05\/IMG_9833-768x576.jpeg 768w, https:\/\/somosdelprieto.com\/wp-content\/uploads\/2023\/05\/IMG_9833-1536x1152.jpeg 1536w, https:\/\/somosdelprieto.com\/wp-content\/uploads\/2023\/05\/IMG_9833-2048x1536.jpeg 2048w\" sizes=\"auto, (max-width: 767px) 89vw, (max-width: 1000px) 54vw, (max-width: 1071px) 543px, 580px\" \/><\/figure><\/li><li class=\"blocks-gallery-item\"><figure><img loading=\"lazy\" decoding=\"async\" width=\"1024\" height=\"768\" src=\"https:\/\/somosdelprieto.com\/wp-content\/uploads\/2023\/05\/IMG_9841-1024x768.jpeg\" alt=\"\" data-id=\"14852\" data-full-url=\"https:\/\/somosdelprieto.com\/wp-content\/uploads\/2023\/05\/IMG_9841-scaled.jpeg\" data-link=\"https:\/\/somosdelprieto.com\/?attachment_id=14852\" class=\"wp-image-14852\" srcset=\"https:\/\/somosdelprieto.com\/wp-content\/uploads\/2023\/05\/IMG_9841-1024x768.jpeg 1024w, https:\/\/somosdelprieto.com\/wp-content\/uploads\/2023\/05\/IMG_9841-300x225.jpeg 300w, https:\/\/somosdelprieto.com\/wp-content\/uploads\/2023\/05\/IMG_9841-768x576.jpeg 768w, https:\/\/somosdelprieto.com\/wp-content\/uploads\/2023\/05\/IMG_9841-1536x1152.jpeg 1536w, https:\/\/somosdelprieto.com\/wp-content\/uploads\/2023\/05\/IMG_9841-2048x1536.jpeg 2048w\" sizes=\"auto, (max-width: 767px) 89vw, (max-width: 1000px) 54vw, (max-width: 1071px) 543px, 580px\" \/><\/figure><\/li><li class=\"blocks-gallery-item\"><figure><img loading=\"lazy\" decoding=\"async\" width=\"1024\" height=\"768\" src=\"https:\/\/somosdelprieto.com\/wp-content\/uploads\/2023\/05\/IMG_9765-1024x768.jpeg\" alt=\"\" data-id=\"14855\" data-full-url=\"https:\/\/somosdelprieto.com\/wp-content\/uploads\/2023\/05\/IMG_9765-scaled.jpeg\" data-link=\"https:\/\/somosdelprieto.com\/?attachment_id=14855\" class=\"wp-image-14855\" srcset=\"https:\/\/somosdelprieto.com\/wp-content\/uploads\/2023\/05\/IMG_9765-1024x768.jpeg 1024w, https:\/\/somosdelprieto.com\/wp-content\/uploads\/2023\/05\/IMG_9765-300x225.jpeg 300w, https:\/\/somosdelprieto.com\/wp-content\/uploads\/2023\/05\/IMG_9765-768x576.jpeg 768w, https:\/\/somosdelprieto.com\/wp-content\/uploads\/2023\/05\/IMG_9765-1536x1152.jpeg 1536w, https:\/\/somosdelprieto.com\/wp-content\/uploads\/2023\/05\/IMG_9765-2048x1536.jpeg 2048w\" sizes=\"auto, (max-width: 767px) 89vw, (max-width: 1000px) 54vw, (max-width: 1071px) 543px, 580px\" \/><\/figure><\/li><li class=\"blocks-gallery-item\"><figure><img loading=\"lazy\" decoding=\"async\" width=\"1024\" height=\"768\" src=\"https:\/\/somosdelprieto.com\/wp-content\/uploads\/2023\/05\/IMG_9826-1024x768.jpeg\" alt=\"\" data-id=\"14856\" data-full-url=\"https:\/\/somosdelprieto.com\/wp-content\/uploads\/2023\/05\/IMG_9826-scaled.jpeg\" data-link=\"https:\/\/somosdelprieto.com\/?attachment_id=14856\" class=\"wp-image-14856\" srcset=\"https:\/\/somosdelprieto.com\/wp-content\/uploads\/2023\/05\/IMG_9826-1024x768.jpeg 1024w, https:\/\/somosdelprieto.com\/wp-content\/uploads\/2023\/05\/IMG_9826-300x225.jpeg 300w, https:\/\/somosdelprieto.com\/wp-content\/uploads\/2023\/05\/IMG_9826-768x576.jpeg 768w, https:\/\/somosdelprieto.com\/wp-content\/uploads\/2023\/05\/IMG_9826-1536x1152.jpeg 1536w, https:\/\/somosdelprieto.com\/wp-content\/uploads\/2023\/05\/IMG_9826-2048x1536.jpeg 2048w\" sizes=\"auto, (max-width: 767px) 89vw, (max-width: 1000px) 54vw, (max-width: 1071px) 543px, 580px\" \/><\/figure><\/li><\/ul><\/figure>\n\n\n\n<p>En esta edici\u00f3n, la Consejer\u00eda de Educaci\u00f3n, Cultura y Deportes convoc\u00f3 treinta competiciones y tres modalidades de exhibici\u00f3n en tres sedes diferentes: Albacete, Ciudad Real y Guadalajara. <\/p>\n\n\n\n<p>El I<strong>ES Gregorio Prieto<\/strong> estuvo representado en siete modalidades, dejando su impronta en cada una de ellas.:<\/p>\n\n\n\n<ul class=\"wp-block-list\"><li>Juan Carlos Mart\u00edn Zasco Moreno en la modalidad de <strong><em>Administraci\u00f3n y Gesti\u00f3n <\/em>.<\/strong><\/li><li>Jorge S\u00e1nchez Navarro en la modalidad de <strong><em>Cocina<\/em><\/strong>.<\/li><li>Mart\u00edn Antequera L\u00f3pez en la modalidad de <strong><em>Electr\u00f3nica<\/em><\/strong>.<\/li><li>Ana Mar\u00eda Moreno-Arrones Gonz\u00e1lez-Albo en la modalidad de <strong><em>Escaparatismo<\/em><\/strong>.<\/li><li>Javier Ca\u00f1ada Espinosa en la modalidad de <strong><em>Instalaciones El\u00e9ctricas<\/em><\/strong>.<\/li><li>Blanca Villegas Rodr\u00edguez en la modalidad de <strong><em>Panader\u00eda<\/em><\/strong>.<\/li><li>Miguel Lillo Romero en la modalidad de <strong><em>TIC Administraci\u00f3n de Sistemas en Red.<\/em><\/strong><\/li><\/ul>\n\n\n\n<p>Nuestro centro educativo tuvo una destacada participaci\u00f3n en dichas modalidades, alcanzando <a rel=\"noreferrer noopener\" href=\"https:\/\/www.educa.jccm.es\/es\/clmskills\/clmskills-2023-campeonatos-autonomicos-formacion-profesiona\/ganadores-clmskills-2023-campeonatos-autonomicos-formacion\" target=\"_blank\">tres medallas de plata y una medalla de oro<\/a> en las modalidades de <strong>Administraci\u00f3n y Gesti\u00f3n, Cocina, TIC Administraci\u00f3n de Sistemas en Red y Panader\u00eda<\/strong>. Adem\u00e1s, nuestra medalla de oro en Panader\u00eda <strong>nos representar\u00e1 a nivel nacional<\/strong> en la competici\u00f3n <strong>SpainSkills<\/strong>.<\/p>\n\n\n\n<figure class=\"wp-block-gallery columns-3 is-cropped wp-block-gallery-2 is-layout-flex wp-block-gallery-is-layout-flex\"><ul class=\"blocks-gallery-grid\"><li class=\"blocks-gallery-item\"><figure><img loading=\"lazy\" decoding=\"async\" width=\"1024\" height=\"768\" src=\"https:\/\/somosdelprieto.com\/wp-content\/uploads\/2023\/05\/9f96fbe1-9bad-495c-b06a-8db3d28fc4c0.jpg\" alt=\"\" data-id=\"14857\" data-full-url=\"https:\/\/somosdelprieto.com\/wp-content\/uploads\/2023\/05\/9f96fbe1-9bad-495c-b06a-8db3d28fc4c0.jpg\" data-link=\"https:\/\/somosdelprieto.com\/?attachment_id=14857\" class=\"wp-image-14857\" srcset=\"https:\/\/somosdelprieto.com\/wp-content\/uploads\/2023\/05\/9f96fbe1-9bad-495c-b06a-8db3d28fc4c0.jpg 1024w, https:\/\/somosdelprieto.com\/wp-content\/uploads\/2023\/05\/9f96fbe1-9bad-495c-b06a-8db3d28fc4c0-300x225.jpg 300w, https:\/\/somosdelprieto.com\/wp-content\/uploads\/2023\/05\/9f96fbe1-9bad-495c-b06a-8db3d28fc4c0-768x576.jpg 768w\" sizes=\"auto, (max-width: 767px) 89vw, (max-width: 1000px) 54vw, (max-width: 1071px) 543px, 580px\" \/><\/figure><\/li><li class=\"blocks-gallery-item\"><figure><img loading=\"lazy\" decoding=\"async\" width=\"1024\" height=\"768\" src=\"https:\/\/somosdelprieto.com\/wp-content\/uploads\/2023\/05\/30d52774-56a1-4b9e-9cbb-87f3581fe0d2.jpg\" alt=\"\" data-id=\"14858\" data-full-url=\"https:\/\/somosdelprieto.com\/wp-content\/uploads\/2023\/05\/30d52774-56a1-4b9e-9cbb-87f3581fe0d2.jpg\" data-link=\"https:\/\/somosdelprieto.com\/?attachment_id=14858\" class=\"wp-image-14858\" srcset=\"https:\/\/somosdelprieto.com\/wp-content\/uploads\/2023\/05\/30d52774-56a1-4b9e-9cbb-87f3581fe0d2.jpg 1024w, https:\/\/somosdelprieto.com\/wp-content\/uploads\/2023\/05\/30d52774-56a1-4b9e-9cbb-87f3581fe0d2-300x225.jpg 300w, https:\/\/somosdelprieto.com\/wp-content\/uploads\/2023\/05\/30d52774-56a1-4b9e-9cbb-87f3581fe0d2-768x576.jpg 768w\" sizes=\"auto, (max-width: 767px) 89vw, (max-width: 1000px) 54vw, (max-width: 1071px) 543px, 580px\" \/><\/figure><\/li><li class=\"blocks-gallery-item\"><figure><img loading=\"lazy\" decoding=\"async\" width=\"1024\" height=\"768\" src=\"https:\/\/somosdelprieto.com\/wp-content\/uploads\/2023\/05\/PHOTO-2023-05-06-09-14-04-3.jpg\" alt=\"\" data-id=\"14859\" data-full-url=\"https:\/\/somosdelprieto.com\/wp-content\/uploads\/2023\/05\/PHOTO-2023-05-06-09-14-04-3.jpg\" data-link=\"https:\/\/somosdelprieto.com\/?attachment_id=14859\" class=\"wp-image-14859\" srcset=\"https:\/\/somosdelprieto.com\/wp-content\/uploads\/2023\/05\/PHOTO-2023-05-06-09-14-04-3.jpg 1024w, https:\/\/somosdelprieto.com\/wp-content\/uploads\/2023\/05\/PHOTO-2023-05-06-09-14-04-3-300x225.jpg 300w, https:\/\/somosdelprieto.com\/wp-content\/uploads\/2023\/05\/PHOTO-2023-05-06-09-14-04-3-768x576.jpg 768w\" sizes=\"auto, (max-width: 767px) 89vw, (max-width: 1000px) 54vw, (max-width: 1071px) 543px, 580px\" \/><\/figure><\/li><li class=\"blocks-gallery-item\"><figure><img loading=\"lazy\" decoding=\"async\" width=\"1024\" height=\"768\" src=\"https:\/\/somosdelprieto.com\/wp-content\/uploads\/2023\/05\/PHOTO-2023-05-06-09-14-04.jpg\" alt=\"\" data-id=\"14860\" data-full-url=\"https:\/\/somosdelprieto.com\/wp-content\/uploads\/2023\/05\/PHOTO-2023-05-06-09-14-04.jpg\" data-link=\"https:\/\/somosdelprieto.com\/?attachment_id=14860\" class=\"wp-image-14860\" srcset=\"https:\/\/somosdelprieto.com\/wp-content\/uploads\/2023\/05\/PHOTO-2023-05-06-09-14-04.jpg 1024w, https:\/\/somosdelprieto.com\/wp-content\/uploads\/2023\/05\/PHOTO-2023-05-06-09-14-04-300x225.jpg 300w, https:\/\/somosdelprieto.com\/wp-content\/uploads\/2023\/05\/PHOTO-2023-05-06-09-14-04-768x576.jpg 768w\" sizes=\"auto, (max-width: 767px) 89vw, (max-width: 1000px) 54vw, (max-width: 1071px) 543px, 580px\" \/><\/figure><\/li><\/ul><\/figure>\n\n\n\n<p>El nivel de las competiciones fue extraordinario y nuestros alumnos y alumnas dieron lo mejor de s\u00ed en todo momento, dejando en alto el nombre de nuestro centro. Sus inquebrantables ganas de superaci\u00f3n y su fuerte determinaci\u00f3n se convirtieron en el motor que los impuls\u00f3 a superar todos los obst\u00e1culos y a demostrar su excelente preparaci\u00f3n en cada prueba.<\/p>\n\n\n\n<figure class=\"wp-block-gallery columns-3 is-cropped wp-block-gallery-3 is-layout-flex wp-block-gallery-is-layout-flex\"><ul class=\"blocks-gallery-grid\"><li class=\"blocks-gallery-item\"><figure><img loading=\"lazy\" decoding=\"async\" width=\"1024\" height=\"768\" src=\"https:\/\/somosdelprieto.com\/wp-content\/uploads\/2023\/05\/34724a62-897d-4aa6-98d5-4c293e4d34f2-1024x768.jpg\" alt=\"\" data-id=\"14861\" data-link=\"https:\/\/somosdelprieto.com\/?attachment_id=14861\" class=\"wp-image-14861\" srcset=\"https:\/\/somosdelprieto.com\/wp-content\/uploads\/2023\/05\/34724a62-897d-4aa6-98d5-4c293e4d34f2-1024x768.jpg 1024w, https:\/\/somosdelprieto.com\/wp-content\/uploads\/2023\/05\/34724a62-897d-4aa6-98d5-4c293e4d34f2-300x225.jpg 300w, https:\/\/somosdelprieto.com\/wp-content\/uploads\/2023\/05\/34724a62-897d-4aa6-98d5-4c293e4d34f2-768x576.jpg 768w, https:\/\/somosdelprieto.com\/wp-content\/uploads\/2023\/05\/34724a62-897d-4aa6-98d5-4c293e4d34f2-1536x1152.jpg 1536w, https:\/\/somosdelprieto.com\/wp-content\/uploads\/2023\/05\/34724a62-897d-4aa6-98d5-4c293e4d34f2.jpg 2048w\" sizes=\"auto, (max-width: 767px) 89vw, (max-width: 1000px) 54vw, (max-width: 1071px) 543px, 580px\" \/><\/figure><\/li><li class=\"blocks-gallery-item\"><figure><img loading=\"lazy\" decoding=\"async\" width=\"768\" height=\"1024\" src=\"https:\/\/somosdelprieto.com\/wp-content\/uploads\/2023\/05\/IMG_9737-768x1024.jpg\" alt=\"\" data-id=\"14862\" data-link=\"https:\/\/somosdelprieto.com\/?attachment_id=14862\" class=\"wp-image-14862\" srcset=\"https:\/\/somosdelprieto.com\/wp-content\/uploads\/2023\/05\/IMG_9737-768x1024.jpg 768w, https:\/\/somosdelprieto.com\/wp-content\/uploads\/2023\/05\/IMG_9737-225x300.jpg 225w, https:\/\/somosdelprieto.com\/wp-content\/uploads\/2023\/05\/IMG_9737-1152x1536.jpg 1152w, https:\/\/somosdelprieto.com\/wp-content\/uploads\/2023\/05\/IMG_9737-1536x2048.jpg 1536w, https:\/\/somosdelprieto.com\/wp-content\/uploads\/2023\/05\/IMG_9737-scaled.jpg 1920w\" sizes=\"auto, (max-width: 767px) 89vw, (max-width: 1000px) 54vw, (max-width: 1071px) 543px, 580px\" \/><\/figure><\/li><li class=\"blocks-gallery-item\"><figure><img loading=\"lazy\" decoding=\"async\" width=\"1024\" height=\"768\" src=\"https:\/\/somosdelprieto.com\/wp-content\/uploads\/2023\/05\/IMG_9821-1024x768.jpeg\" alt=\"\" data-id=\"14863\" data-link=\"https:\/\/somosdelprieto.com\/?attachment_id=14863\" class=\"wp-image-14863\" srcset=\"https:\/\/somosdelprieto.com\/wp-content\/uploads\/2023\/05\/IMG_9821-1024x768.jpeg 1024w, https:\/\/somosdelprieto.com\/wp-content\/uploads\/2023\/05\/IMG_9821-300x225.jpeg 300w, https:\/\/somosdelprieto.com\/wp-content\/uploads\/2023\/05\/IMG_9821-768x576.jpeg 768w, https:\/\/somosdelprieto.com\/wp-content\/uploads\/2023\/05\/IMG_9821-1536x1152.jpeg 1536w, https:\/\/somosdelprieto.com\/wp-content\/uploads\/2023\/05\/IMG_9821-2048x1536.jpeg 2048w\" sizes=\"auto, (max-width: 767px) 89vw, (max-width: 1000px) 54vw, (max-width: 1071px) 543px, 580px\" \/><\/figure><\/li><li class=\"blocks-gallery-item\"><figure><img loading=\"lazy\" decoding=\"async\" width=\"1024\" height=\"768\" src=\"https:\/\/somosdelprieto.com\/wp-content\/uploads\/2023\/05\/IMG_9745-1024x768.jpeg\" alt=\"\" data-id=\"14868\" data-full-url=\"https:\/\/somosdelprieto.com\/wp-content\/uploads\/2023\/05\/IMG_9745-scaled.jpeg\" data-link=\"https:\/\/somosdelprieto.com\/?attachment_id=14868\" class=\"wp-image-14868\" srcset=\"https:\/\/somosdelprieto.com\/wp-content\/uploads\/2023\/05\/IMG_9745-1024x768.jpeg 1024w, https:\/\/somosdelprieto.com\/wp-content\/uploads\/2023\/05\/IMG_9745-300x225.jpeg 300w, https:\/\/somosdelprieto.com\/wp-content\/uploads\/2023\/05\/IMG_9745-768x576.jpeg 768w, https:\/\/somosdelprieto.com\/wp-content\/uploads\/2023\/05\/IMG_9745-1536x1152.jpeg 1536w, https:\/\/somosdelprieto.com\/wp-content\/uploads\/2023\/05\/IMG_9745-2048x1536.jpeg 2048w\" sizes=\"auto, (max-width: 767px) 89vw, (max-width: 1000px) 54vw, (max-width: 1071px) 543px, 580px\" \/><\/figure><\/li><li class=\"blocks-gallery-item\"><figure><img loading=\"lazy\" decoding=\"async\" width=\"1024\" height=\"768\" src=\"https:\/\/somosdelprieto.com\/wp-content\/uploads\/2023\/05\/IMG_9727-1024x768.jpeg\" alt=\"\" data-id=\"14867\" data-full-url=\"https:\/\/somosdelprieto.com\/wp-content\/uploads\/2023\/05\/IMG_9727-scaled.jpeg\" data-link=\"https:\/\/somosdelprieto.com\/?attachment_id=14867\" class=\"wp-image-14867\" srcset=\"https:\/\/somosdelprieto.com\/wp-content\/uploads\/2023\/05\/IMG_9727-1024x768.jpeg 1024w, https:\/\/somosdelprieto.com\/wp-content\/uploads\/2023\/05\/IMG_9727-300x225.jpeg 300w, https:\/\/somosdelprieto.com\/wp-content\/uploads\/2023\/05\/IMG_9727-768x576.jpeg 768w, https:\/\/somosdelprieto.com\/wp-content\/uploads\/2023\/05\/IMG_9727-1536x1152.jpeg 1536w, https:\/\/somosdelprieto.com\/wp-content\/uploads\/2023\/05\/IMG_9727-2048x1536.jpeg 2048w\" sizes=\"auto, (max-width: 767px) 89vw, (max-width: 1000px) 54vw, (max-width: 1071px) 543px, 580px\" \/><\/figure><\/li><li class=\"blocks-gallery-item\"><figure><img loading=\"lazy\" decoding=\"async\" width=\"1024\" height=\"768\" src=\"https:\/\/somosdelprieto.com\/wp-content\/uploads\/2023\/05\/IMG_9756-1024x768.jpeg\" alt=\"\" data-id=\"14869\" data-full-url=\"https:\/\/somosdelprieto.com\/wp-content\/uploads\/2023\/05\/IMG_9756-scaled.jpeg\" data-link=\"https:\/\/somosdelprieto.com\/?attachment_id=14869\" class=\"wp-image-14869\" srcset=\"https:\/\/somosdelprieto.com\/wp-content\/uploads\/2023\/05\/IMG_9756-1024x768.jpeg 1024w, https:\/\/somosdelprieto.com\/wp-content\/uploads\/2023\/05\/IMG_9756-300x225.jpeg 300w, https:\/\/somosdelprieto.com\/wp-content\/uploads\/2023\/05\/IMG_9756-768x576.jpeg 768w, https:\/\/somosdelprieto.com\/wp-content\/uploads\/2023\/05\/IMG_9756-1536x1152.jpeg 1536w, https:\/\/somosdelprieto.com\/wp-content\/uploads\/2023\/05\/IMG_9756-2048x1536.jpeg 2048w\" sizes=\"auto, (max-width: 767px) 89vw, (max-width: 1000px) 54vw, (max-width: 1071px) 543px, 580px\" \/><\/figure><\/li><\/ul><\/figure>\n\n\n\n<p>Es imprescindible destacar el trabajo y la dedicaci\u00f3n de todos nuestros competidores, quienes demostraron su compromiso y pasi\u00f3n en cada momento. Adem\u00e1s, no podemos olvidar mencionar la coordinaci\u00f3n impecable y el apoyo invaluable de los profesores y profesoras que los han tutorizado y guiado a lo largo de estos meses. Tanto competidores como tutores han invertido muchas horas de sacrificio y esfuerzo para preparar las pruebas de la mejor manera posible, compaginando sus responsabilidades acad\u00e9micas y personales. <\/p>\n\n\n\n<figure class=\"wp-block-gallery columns-2 is-cropped wp-block-gallery-4 is-layout-flex wp-block-gallery-is-layout-flex\"><ul class=\"blocks-gallery-grid\"><li class=\"blocks-gallery-item\"><figure><img loading=\"lazy\" decoding=\"async\" width=\"1024\" height=\"578\" src=\"https:\/\/somosdelprieto.com\/wp-content\/uploads\/2023\/05\/680480d8-69ba-4a08-b7a8-86df7cf296ca-1024x578.jpg\" alt=\"\" data-id=\"14865\" data-full-url=\"https:\/\/somosdelprieto.com\/wp-content\/uploads\/2023\/05\/680480d8-69ba-4a08-b7a8-86df7cf296ca.jpg\" data-link=\"https:\/\/somosdelprieto.com\/?attachment_id=14865\" class=\"wp-image-14865\" srcset=\"https:\/\/somosdelprieto.com\/wp-content\/uploads\/2023\/05\/680480d8-69ba-4a08-b7a8-86df7cf296ca-1024x578.jpg 1024w, https:\/\/somosdelprieto.com\/wp-content\/uploads\/2023\/05\/680480d8-69ba-4a08-b7a8-86df7cf296ca-300x169.jpg 300w, https:\/\/somosdelprieto.com\/wp-content\/uploads\/2023\/05\/680480d8-69ba-4a08-b7a8-86df7cf296ca-768x433.jpg 768w, https:\/\/somosdelprieto.com\/wp-content\/uploads\/2023\/05\/680480d8-69ba-4a08-b7a8-86df7cf296ca-1536x866.jpg 1536w, https:\/\/somosdelprieto.com\/wp-content\/uploads\/2023\/05\/680480d8-69ba-4a08-b7a8-86df7cf296ca.jpg 2000w\" sizes=\"auto, (max-width: 767px) 89vw, (max-width: 1000px) 54vw, (max-width: 1071px) 543px, 580px\" \/><\/figure><\/li><li class=\"blocks-gallery-item\"><figure><img loading=\"lazy\" decoding=\"async\" width=\"1024\" height=\"768\" src=\"https:\/\/somosdelprieto.com\/wp-content\/uploads\/2023\/05\/IMG_9792-1024x768.jpeg\" alt=\"\" data-id=\"14866\" data-full-url=\"https:\/\/somosdelprieto.com\/wp-content\/uploads\/2023\/05\/IMG_9792-scaled.jpeg\" data-link=\"https:\/\/somosdelprieto.com\/?attachment_id=14866\" class=\"wp-image-14866\" srcset=\"https:\/\/somosdelprieto.com\/wp-content\/uploads\/2023\/05\/IMG_9792-1024x768.jpeg 1024w, https:\/\/somosdelprieto.com\/wp-content\/uploads\/2023\/05\/IMG_9792-300x225.jpeg 300w, https:\/\/somosdelprieto.com\/wp-content\/uploads\/2023\/05\/IMG_9792-768x576.jpeg 768w, https:\/\/somosdelprieto.com\/wp-content\/uploads\/2023\/05\/IMG_9792-1536x1152.jpeg 1536w, https:\/\/somosdelprieto.com\/wp-content\/uploads\/2023\/05\/IMG_9792-2048x1536.jpeg 2048w\" sizes=\"auto, (max-width: 767px) 89vw, (max-width: 1000px) 54vw, (max-width: 1071px) 543px, 580px\" \/><\/figure><\/li><\/ul><\/figure>\n\n\n\n<p>Todo este esfuerzo ha dado frutos y merece un reconocimiento. Nuestros representantes <strong>en todas las modalidades<\/strong> <strong>han realizado un trabajo excepcional y deben sentirse muy orgullosos<\/strong> de su alto grado de implicaci\u00f3n.<\/p>\n\n\n\n<p>\u00a1Enhorabuena por todo el trabajo realizado! Estamos seguros de que la experiencia vivida ha valido la pena y seguir\u00e1 impulsando la importancia y el prestigio de la Formaci\u00f3n Profesional en nuestro centro.<\/p>\n","protected":false},"excerpt":{"rendered":"<p>El viernes pasado, 5 de mayo, tuvo lugar en Cuenca un emotivo acto de clausura del V Campeonato Auton\u00f3mico de Formaci\u00f3n Profesional. En este evento, se rindi\u00f3 un merecido homenaje a todos los competidores, tutores, coordinadores, patrocinadores y todas las personas involucradas en la organizaci\u00f3n de esta edici\u00f3n del campeonato, quienes han demostrado un esfuerzo &hellip; <\/p>\n<p class=\"link-more\"><a href=\"https:\/\/somosdelprieto.com\/index.php\/2023\/05\/09\/la-formacion-profesional-en-la-region-calidad-garantizada\/\" class=\"more-link\">Continuar leyendo<span class=\"screen-reader-text\"> \u00abLa Formaci\u00f3n Profesional en la Regi\u00f3n: Calidad Garantizada.\u00bb<\/span><\/a><\/p>\n","protected":false},"author":64,"featured_media":14871,"comment_status":"closed","ping_status":"closed","sticky":false,"template":"","format":"standard","meta":{"footnotes":""},"categories":[7,8,27,33,35,1,139],"tags":[],"class_list":["post-14842","post","type-post","status-publish","format-standard","has-post-thumbnail","hentry","category-administracion","category-comercio","category-electricidad-y-electronica","category-hosteleria-y-turismo","category-informatica","category-noticias","category-skills"],"_links":{"self":[{"href":"https:\/\/somosdelprieto.com\/index.php\/wp-json\/wp\/v2\/posts\/14842","targetHints":{"allow":["GET"]}}],"collection":[{"href":"https:\/\/somosdelprieto.com\/index.php\/wp-json\/wp\/v2\/posts"}],"about":[{"href":"https:\/\/somosdelprieto.com\/index.php\/wp-json\/wp\/v2\/types\/post"}],"author":[{"embeddable":true,"href":"https:\/\/somosdelprieto.com\/index.php\/wp-json\/wp\/v2\/users\/64"}],"replies":[{"embeddable":true,"href":"https:\/\/somosdelprieto.com\/index.php\/wp-json\/wp\/v2\/comments?post=14842"}],"version-history":[{"count":5,"href":"https:\/\/somosdelprieto.com\/index.php\/wp-json\/wp\/v2\/posts\/14842\/revisions"}],"predecessor-version":[{"id":14876,"href":"https:\/\/somosdelprieto.com\/index.php\/wp-json\/wp\/v2\/posts\/14842\/revisions\/14876"}],"wp:featuredmedia":[{"embeddable":true,"href":"https:\/\/somosdelprieto.com\/index.php\/wp-json\/wp\/v2\/media\/14871"}],"wp:attachment":[{"href":"https:\/\/somosdelprieto.com\/index.php\/wp-json\/wp\/v2\/media?parent=14842"}],"wp:term":[{"taxonomy":"category","embeddable":true,"href":"https:\/\/somosdelprieto.com\/index.php\/wp-json\/wp\/v2\/categories?post=14842"},{"taxonomy":"post_tag","embeddable":true,"href":"https:\/\/somosdelprieto.com\/index.php\/wp-json\/wp\/v2\/tags?post=14842"}],"curies":[{"name":"wp","href":"https:\/\/api.w.org\/{rel}","templated":true}]}}