{"id":14744,"date":"2023-05-04T23:30:36","date_gmt":"2023-05-04T21:30:36","guid":{"rendered":"https:\/\/somosdelprieto.com\/?p=14744"},"modified":"2023-05-04T23:31:46","modified_gmt":"2023-05-04T21:31:46","slug":"visita-del-vina-albali","status":"publish","type":"post","link":"https:\/\/somosdelprieto.com\/index.php\/2023\/05\/04\/visita-del-vina-albali\/","title":{"rendered":"VISITA DEL VI\u00d1A ALBALI"},"content":{"rendered":"\n<p>El pasado viernes 28 de abril recibimos la visita del Vi\u00f1a Albali que nos present\u00f3 su programa educativo. Este proyecto pretende llevar los valores del deporte y del f\u00fatbol sala en particular hasta los centros escolares para formar al alumnado como personas y fomentar la pr\u00e1ctica deportiva.<\/p>\n\n\n\n<figure class=\"wp-block-image size-large\"><img loading=\"lazy\" decoding=\"async\" width=\"1024\" height=\"768\" src=\"https:\/\/somosdelprieto.com\/wp-content\/uploads\/2023\/05\/20230428_104758-1024x768.jpg\" alt=\"\" class=\"wp-image-14774\" srcset=\"https:\/\/somosdelprieto.com\/wp-content\/uploads\/2023\/05\/20230428_104758-1024x768.jpg 1024w, https:\/\/somosdelprieto.com\/wp-content\/uploads\/2023\/05\/20230428_104758-300x225.jpg 300w, https:\/\/somosdelprieto.com\/wp-content\/uploads\/2023\/05\/20230428_104758-768x576.jpg 768w, https:\/\/somosdelprieto.com\/wp-content\/uploads\/2023\/05\/20230428_104758-1536x1152.jpg 1536w, https:\/\/somosdelprieto.com\/wp-content\/uploads\/2023\/05\/20230428_104758-2048x1536.jpg 2048w\" sizes=\"auto, (max-width: 767px) 89vw, (max-width: 1000px) 54vw, (max-width: 1071px) 543px, 580px\" \/><\/figure>\n\n\n\n<p>Los jugadores que nos acompa\u00f1aron fueron Lolo, Abbasi, \u00d3scar de la Falla, Edu Filipe Sousa y Alberto L\u00f3pez, antiguo alumno de nuestro centro.<\/p>\n\n\n\n<figure class=\"wp-block-image size-large\"><img loading=\"lazy\" decoding=\"async\" width=\"1024\" height=\"768\" src=\"https:\/\/somosdelprieto.com\/wp-content\/uploads\/2023\/05\/20230428_104725-1024x768.jpg\" alt=\"\" class=\"wp-image-14777\" srcset=\"https:\/\/somosdelprieto.com\/wp-content\/uploads\/2023\/05\/20230428_104725-1024x768.jpg 1024w, https:\/\/somosdelprieto.com\/wp-content\/uploads\/2023\/05\/20230428_104725-300x225.jpg 300w, https:\/\/somosdelprieto.com\/wp-content\/uploads\/2023\/05\/20230428_104725-768x576.jpg 768w, https:\/\/somosdelprieto.com\/wp-content\/uploads\/2023\/05\/20230428_104725-1536x1152.jpg 1536w, https:\/\/somosdelprieto.com\/wp-content\/uploads\/2023\/05\/20230428_104725-2048x1536.jpg 2048w\" sizes=\"auto, (max-width: 767px) 89vw, (max-width: 1000px) 54vw, (max-width: 1071px) 543px, 580px\" \/><\/figure>\n\n\n\n<p>El encuentro se inici\u00f3 en el sal\u00f3n de actos con una presentaci\u00f3n en Power Point del club y el deporte en la que se trataron de una forma muy amena aspectos tan relevantes como el juego limpio, los h\u00e1bitos saludables, la importancia de seguir una dieta equilibrada  y un descanso adecuado, el compromiso que requiere la pertenencia a un equipo y la importancia de la formaci\u00f3n acad\u00e9mica como complemento imprescindible de la vida deportiva.<\/p>\n\n\n\n<figure class=\"wp-block-image size-large\"><img loading=\"lazy\" decoding=\"async\" width=\"768\" height=\"1024\" src=\"https:\/\/somosdelprieto.com\/wp-content\/uploads\/2023\/05\/20230428_114051-768x1024.jpg\" alt=\"\" class=\"wp-image-14775\" srcset=\"https:\/\/somosdelprieto.com\/wp-content\/uploads\/2023\/05\/20230428_114051-768x1024.jpg 768w, https:\/\/somosdelprieto.com\/wp-content\/uploads\/2023\/05\/20230428_114051-225x300.jpg 225w, https:\/\/somosdelprieto.com\/wp-content\/uploads\/2023\/05\/20230428_114051-1152x1536.jpg 1152w, https:\/\/somosdelprieto.com\/wp-content\/uploads\/2023\/05\/20230428_114051-1536x2048.jpg 1536w, https:\/\/somosdelprieto.com\/wp-content\/uploads\/2023\/05\/20230428_114051-scaled.jpg 1920w\" sizes=\"auto, (max-width: 767px) 89vw, (max-width: 1000px) 54vw, (max-width: 1071px) 543px, 580px\" \/><\/figure>\n\n\n\n<p>Nuestro alumnado pudo participar realizando a los jugadores preguntas que resultaron sumamente interesantes. Asimismo, tuvo la oportunidad de pedirles firmas de recuerdo en sus camisetas y hacerse fotos con ellos.<\/p>\n\n\n\n<figure class=\"wp-block-image size-large\"><img loading=\"lazy\" decoding=\"async\" width=\"1024\" height=\"768\" src=\"https:\/\/somosdelprieto.com\/wp-content\/uploads\/2023\/05\/20230428_121715-1024x768.jpg\" alt=\"\" class=\"wp-image-14776\" srcset=\"https:\/\/somosdelprieto.com\/wp-content\/uploads\/2023\/05\/20230428_121715-1024x768.jpg 1024w, https:\/\/somosdelprieto.com\/wp-content\/uploads\/2023\/05\/20230428_121715-300x225.jpg 300w, https:\/\/somosdelprieto.com\/wp-content\/uploads\/2023\/05\/20230428_121715-768x576.jpg 768w, https:\/\/somosdelprieto.com\/wp-content\/uploads\/2023\/05\/20230428_121715-1536x1152.jpg 1536w, https:\/\/somosdelprieto.com\/wp-content\/uploads\/2023\/05\/20230428_121715-2048x1536.jpg 2048w\" sizes=\"auto, (max-width: 767px) 89vw, (max-width: 1000px) 54vw, (max-width: 1071px) 543px, 580px\" \/><\/figure>\n\n\n\n<p>La jornada continu\u00f3 con la realizaci\u00f3n ejercicios t\u00e9cnicos y partidillos de f\u00fatbol sala de nuestros alumnos y alumnas de 1\u00ba de ESO junto a los jugadores, finalizando con una entra\u00f1able foto de familia.<\/p>\n\n\n\n<figure class=\"wp-block-gallery columns-3 is-cropped wp-block-gallery-1 is-layout-flex wp-block-gallery-is-layout-flex\"><ul class=\"blocks-gallery-grid\"><li class=\"blocks-gallery-item\"><figure><img loading=\"lazy\" decoding=\"async\" width=\"1024\" height=\"768\" src=\"https:\/\/somosdelprieto.com\/wp-content\/uploads\/2023\/05\/20230428_121344-1024x768.jpg\" alt=\"\" data-id=\"14778\" data-link=\"https:\/\/somosdelprieto.com\/?attachment_id=14778\" class=\"wp-image-14778\" srcset=\"https:\/\/somosdelprieto.com\/wp-content\/uploads\/2023\/05\/20230428_121344-1024x768.jpg 1024w, https:\/\/somosdelprieto.com\/wp-content\/uploads\/2023\/05\/20230428_121344-300x225.jpg 300w, https:\/\/somosdelprieto.com\/wp-content\/uploads\/2023\/05\/20230428_121344-768x576.jpg 768w, https:\/\/somosdelprieto.com\/wp-content\/uploads\/2023\/05\/20230428_121344-1536x1152.jpg 1536w, https:\/\/somosdelprieto.com\/wp-content\/uploads\/2023\/05\/20230428_121344-2048x1536.jpg 2048w\" sizes=\"auto, (max-width: 767px) 89vw, (max-width: 1000px) 54vw, (max-width: 1071px) 543px, 580px\" \/><\/figure><\/li><li class=\"blocks-gallery-item\"><figure><img loading=\"lazy\" decoding=\"async\" width=\"1024\" height=\"768\" src=\"https:\/\/somosdelprieto.com\/wp-content\/uploads\/2023\/05\/20230428_123107-1024x768.jpg\" alt=\"\" data-id=\"14780\" data-link=\"https:\/\/somosdelprieto.com\/?attachment_id=14780\" class=\"wp-image-14780\" srcset=\"https:\/\/somosdelprieto.com\/wp-content\/uploads\/2023\/05\/20230428_123107-1024x768.jpg 1024w, https:\/\/somosdelprieto.com\/wp-content\/uploads\/2023\/05\/20230428_123107-300x225.jpg 300w, https:\/\/somosdelprieto.com\/wp-content\/uploads\/2023\/05\/20230428_123107-768x576.jpg 768w, https:\/\/somosdelprieto.com\/wp-content\/uploads\/2023\/05\/20230428_123107-1536x1152.jpg 1536w, https:\/\/somosdelprieto.com\/wp-content\/uploads\/2023\/05\/20230428_123107-2048x1536.jpg 2048w\" sizes=\"auto, (max-width: 767px) 89vw, (max-width: 1000px) 54vw, (max-width: 1071px) 543px, 580px\" \/><\/figure><\/li><li class=\"blocks-gallery-item\"><figure><img loading=\"lazy\" decoding=\"async\" width=\"1024\" height=\"768\" src=\"https:\/\/somosdelprieto.com\/wp-content\/uploads\/2023\/05\/20230428_123302-1-1024x768.jpg\" alt=\"\" data-id=\"14782\" data-full-url=\"https:\/\/somosdelprieto.com\/wp-content\/uploads\/2023\/05\/20230428_123302-1-scaled.jpg\" data-link=\"https:\/\/somosdelprieto.com\/?attachment_id=14782\" class=\"wp-image-14782\" srcset=\"https:\/\/somosdelprieto.com\/wp-content\/uploads\/2023\/05\/20230428_123302-1-1024x768.jpg 1024w, https:\/\/somosdelprieto.com\/wp-content\/uploads\/2023\/05\/20230428_123302-1-300x225.jpg 300w, https:\/\/somosdelprieto.com\/wp-content\/uploads\/2023\/05\/20230428_123302-1-768x576.jpg 768w, https:\/\/somosdelprieto.com\/wp-content\/uploads\/2023\/05\/20230428_123302-1-1536x1152.jpg 1536w, https:\/\/somosdelprieto.com\/wp-content\/uploads\/2023\/05\/20230428_123302-1-2048x1536.jpg 2048w\" sizes=\"auto, (max-width: 767px) 89vw, (max-width: 1000px) 54vw, (max-width: 1071px) 543px, 580px\" \/><\/figure><\/li><\/ul><\/figure>\n\n\n\n<p>Fue una actividad sumamente educativa que goz\u00f3 de una incre\u00edble acogida entre el alumnado.<\/p>\n\n\n\n<p>Agradecemos enormemente al Club Vi\u00f1a Albali su visita y esperamos que pueda repetirse en cursos venideros.<\/p>\n","protected":false},"excerpt":{"rendered":"<p>El pasado viernes 28 de abril recibimos la visita del Vi\u00f1a Albali que nos present\u00f3 su programa educativo. Este proyecto pretende llevar los valores del deporte y del f\u00fatbol sala en particular hasta los centros escolares para formar al alumnado como personas y fomentar la pr\u00e1ctica deportiva. Los jugadores que nos acompa\u00f1aron fueron Lolo, Abbasi, &hellip; <\/p>\n<p class=\"link-more\"><a href=\"https:\/\/somosdelprieto.com\/index.php\/2023\/05\/04\/visita-del-vina-albali\/\" class=\"more-link\">Continuar leyendo<span class=\"screen-reader-text\"> \u00abVISITA DEL VI\u00d1A ALBALI\u00bb<\/span><\/a><\/p>\n","protected":false},"author":26,"featured_media":14745,"comment_status":"closed","ping_status":"closed","sticky":false,"template":"","format":"standard","meta":{"footnotes":""},"categories":[26,1,101],"tags":[],"class_list":["post-14744","post","type-post","status-publish","format-standard","has-post-thumbnail","hentry","category-educacion-fisica","category-noticias","category-proyecto-escolar-saludable"],"_links":{"self":[{"href":"https:\/\/somosdelprieto.com\/index.php\/wp-json\/wp\/v2\/posts\/14744","targetHints":{"allow":["GET"]}}],"collection":[{"href":"https:\/\/somosdelprieto.com\/index.php\/wp-json\/wp\/v2\/posts"}],"about":[{"href":"https:\/\/somosdelprieto.com\/index.php\/wp-json\/wp\/v2\/types\/post"}],"author":[{"embeddable":true,"href":"https:\/\/somosdelprieto.com\/index.php\/wp-json\/wp\/v2\/users\/26"}],"replies":[{"embeddable":true,"href":"https:\/\/somosdelprieto.com\/index.php\/wp-json\/wp\/v2\/comments?post=14744"}],"version-history":[{"count":10,"href":"https:\/\/somosdelprieto.com\/index.php\/wp-json\/wp\/v2\/posts\/14744\/revisions"}],"predecessor-version":[{"id":14790,"href":"https:\/\/somosdelprieto.com\/index.php\/wp-json\/wp\/v2\/posts\/14744\/revisions\/14790"}],"wp:featuredmedia":[{"embeddable":true,"href":"https:\/\/somosdelprieto.com\/index.php\/wp-json\/wp\/v2\/media\/14745"}],"wp:attachment":[{"href":"https:\/\/somosdelprieto.com\/index.php\/wp-json\/wp\/v2\/media?parent=14744"}],"wp:term":[{"taxonomy":"category","embeddable":true,"href":"https:\/\/somosdelprieto.com\/index.php\/wp-json\/wp\/v2\/categories?post=14744"},{"taxonomy":"post_tag","embeddable":true,"href":"https:\/\/somosdelprieto.com\/index.php\/wp-json\/wp\/v2\/tags?post=14744"}],"curies":[{"name":"wp","href":"https:\/\/api.w.org\/{rel}","templated":true}]}}