{"id":14639,"date":"2023-09-21T10:14:11","date_gmt":"2023-09-21T08:14:11","guid":{"rendered":"https:\/\/somosdelprieto.com\/?p=14639"},"modified":"2023-09-21T10:37:39","modified_gmt":"2023-09-21T08:37:39","slug":"curso-de-acceso-a-ciclos-de-grado-superior","status":"publish","type":"post","link":"https:\/\/somosdelprieto.com\/index.php\/2023\/09\/21\/curso-de-acceso-a-ciclos-de-grado-superior\/","title":{"rendered":"CURSO DE ACCESO A CICLOS DE GRADO SUPERIOR"},"content":{"rendered":"\n<p>El <strong>20 de septiembre de 2023<\/strong> se ha publicado en el Diario&nbsp;Oficial de Castilla-La Mancha, la Resoluci\u00f3n por la que se regula con car\u00e1cter experimental el<strong> curso de formaci\u00f3n espec\u00edfico preparatorio para el acceso a ciclos formativos<\/strong> de Formaci\u00f3n Profesional en la comunidad aut\u00f3noma de Castilla-La Mancha.<\/p>\n\n\n\n<hr class=\"wp-block-separator\" \/>\n\n\n\n<p>Una vez expirados los plazos de presentaci\u00f3n de solicitudes, desde la secretar\u00eda del centro, se contactar\u00e1 con los alumnos para que, a trav\u00e9s de un <strong>formulario<\/strong>, elijan las <strong>optativas <\/strong>que desean cursar dentro de la modalidad seleccionada. <\/p>\n\n\n\n<p>En esta comunicaci\u00f3n se les informar\u00e1 de la <strong>fecha de de inicio<\/strong> y de su desarrollo a trav\u00e9s del \u00abEntorno Educativo\u00bb dentro de la plataforma EducamosCLM.<\/p>\n\n\n\n<figure class=\"wp-block-embed is-type-wp-embed is-provider-ies-gregorio-prieto wp-block-embed-ies-gregorio-prieto\"><div class=\"wp-block-embed__wrapper\">\nhttps:\/\/somosdelprieto.com\/index.php\/secretaria\/curso-preparatorio-para-la-prueba-de-acceso-a-grado-superior\/?preview_id=2495&#038;preview_nonce=d6795424e2&#038;preview=true\n<\/div><\/figure>\n","protected":false},"excerpt":{"rendered":"<p>El 20 de septiembre de 2023 se ha publicado en el Diario&nbsp;Oficial de Castilla-La Mancha, la Resoluci\u00f3n por la que se regula con car\u00e1cter experimental el curso de formaci\u00f3n espec\u00edfico preparatorio para el acceso a ciclos formativos de Formaci\u00f3n Profesional en la comunidad aut\u00f3noma de Castilla-La Mancha. Una vez expirados los plazos de presentaci\u00f3n de &hellip; <\/p>\n<p class=\"link-more\"><a href=\"https:\/\/somosdelprieto.com\/index.php\/2023\/09\/21\/curso-de-acceso-a-ciclos-de-grado-superior\/\" class=\"more-link\">Continuar leyendo<span class=\"screen-reader-text\"> \u00abCURSO DE ACCESO A CICLOS DE GRADO SUPERIOR\u00bb<\/span><\/a><\/p>\n","protected":false},"author":53,"featured_media":16106,"comment_status":"closed","ping_status":"closed","sticky":false,"template":"","format":"standard","meta":{"footnotes":""},"categories":[1,47],"tags":[],"class_list":["post-14639","post","type-post","status-publish","format-standard","has-post-thumbnail","hentry","category-noticias","category-secretaria"],"_links":{"self":[{"href":"https:\/\/somosdelprieto.com\/index.php\/wp-json\/wp\/v2\/posts\/14639","targetHints":{"allow":["GET"]}}],"collection":[{"href":"https:\/\/somosdelprieto.com\/index.php\/wp-json\/wp\/v2\/posts"}],"about":[{"href":"https:\/\/somosdelprieto.com\/index.php\/wp-json\/wp\/v2\/types\/post"}],"author":[{"embeddable":true,"href":"https:\/\/somosdelprieto.com\/index.php\/wp-json\/wp\/v2\/users\/53"}],"replies":[{"embeddable":true,"href":"https:\/\/somosdelprieto.com\/index.php\/wp-json\/wp\/v2\/comments?post=14639"}],"version-history":[{"count":6,"href":"https:\/\/somosdelprieto.com\/index.php\/wp-json\/wp\/v2\/posts\/14639\/revisions"}],"predecessor-version":[{"id":16107,"href":"https:\/\/somosdelprieto.com\/index.php\/wp-json\/wp\/v2\/posts\/14639\/revisions\/16107"}],"wp:featuredmedia":[{"embeddable":true,"href":"https:\/\/somosdelprieto.com\/index.php\/wp-json\/wp\/v2\/media\/16106"}],"wp:attachment":[{"href":"https:\/\/somosdelprieto.com\/index.php\/wp-json\/wp\/v2\/media?parent=14639"}],"wp:term":[{"taxonomy":"category","embeddable":true,"href":"https:\/\/somosdelprieto.com\/index.php\/wp-json\/wp\/v2\/categories?post=14639"},{"taxonomy":"post_tag","embeddable":true,"href":"https:\/\/somosdelprieto.com\/index.php\/wp-json\/wp\/v2\/tags?post=14639"}],"curies":[{"name":"wp","href":"https:\/\/api.w.org\/{rel}","templated":true}]}}