{"id":14429,"date":"2023-04-13T11:01:26","date_gmt":"2023-04-13T09:01:26","guid":{"rendered":"https:\/\/somosdelprieto.com\/?p=14429"},"modified":"2023-04-13T11:02:26","modified_gmt":"2023-04-13T09:02:26","slug":"la-musica-es-poesia","status":"publish","type":"post","link":"https:\/\/somosdelprieto.com\/index.php\/2023\/04\/13\/la-musica-es-poesia\/","title":{"rendered":"La M\u00fasica es Poes\u00eda"},"content":{"rendered":"\n<p>En este proyecto STEAM, el alumnado de 1\u00ba de la ESO, a trav\u00e9s de las materias de Lengua Castellana y Literatura y M\u00fasica,&nbsp; ha reflexionado sobre sus gustos musicales y ha analizado las letras de las canciones de sus m\u00fasicas favoritas. <\/p>\n\n\n\n<figure class=\"wp-block-image size-large\"><img loading=\"lazy\" decoding=\"async\" width=\"1024\" height=\"576\" src=\"https:\/\/somosdelprieto.com\/wp-content\/uploads\/2023\/04\/20221221_122408-1024x576.jpg\" alt=\"\" class=\"wp-image-14430\" srcset=\"https:\/\/somosdelprieto.com\/wp-content\/uploads\/2023\/04\/20221221_122408-1024x576.jpg 1024w, https:\/\/somosdelprieto.com\/wp-content\/uploads\/2023\/04\/20221221_122408-300x169.jpg 300w, https:\/\/somosdelprieto.com\/wp-content\/uploads\/2023\/04\/20221221_122408-768x432.jpg 768w, https:\/\/somosdelprieto.com\/wp-content\/uploads\/2023\/04\/20221221_122408-1536x864.jpg 1536w, https:\/\/somosdelprieto.com\/wp-content\/uploads\/2023\/04\/20221221_122408-2048x1152.jpg 2048w\" sizes=\"auto, (max-width: 767px) 89vw, (max-width: 1000px) 54vw, (max-width: 1071px) 543px, 580px\" \/><\/figure>\n\n\n\n<figure class=\"wp-block-image size-large\"><img loading=\"lazy\" decoding=\"async\" width=\"1024\" height=\"576\" src=\"https:\/\/somosdelprieto.com\/wp-content\/uploads\/2023\/04\/20221221_122030-1024x576.jpg\" alt=\"\" class=\"wp-image-14432\" srcset=\"https:\/\/somosdelprieto.com\/wp-content\/uploads\/2023\/04\/20221221_122030-1024x576.jpg 1024w, https:\/\/somosdelprieto.com\/wp-content\/uploads\/2023\/04\/20221221_122030-300x169.jpg 300w, https:\/\/somosdelprieto.com\/wp-content\/uploads\/2023\/04\/20221221_122030-768x432.jpg 768w, https:\/\/somosdelprieto.com\/wp-content\/uploads\/2023\/04\/20221221_122030-1536x864.jpg 1536w, https:\/\/somosdelprieto.com\/wp-content\/uploads\/2023\/04\/20221221_122030-2048x1152.jpg 2048w\" sizes=\"auto, (max-width: 767px) 89vw, (max-width: 1000px) 54vw, (max-width: 1071px) 543px, 580px\" \/><\/figure>\n\n\n\n<p>Adem\u00e1s, tambi\u00e9n ha trabajado en la composici\u00f3n de poemas originales que posteriormente han recitado en estilo rap, utilizando para ello sus tablets, creando unas bases musicales a trav\u00e9s de la aplicaci\u00f3n Rap Maker. <\/p>\n\n\n\n<figure class=\"wp-block-image size-large\"><img loading=\"lazy\" decoding=\"async\" width=\"1024\" height=\"768\" src=\"https:\/\/somosdelprieto.com\/wp-content\/uploads\/2023\/04\/IMG_8312-1024x768.jpg\" alt=\"\" class=\"wp-image-14431\" srcset=\"https:\/\/somosdelprieto.com\/wp-content\/uploads\/2023\/04\/IMG_8312-1024x768.jpg 1024w, https:\/\/somosdelprieto.com\/wp-content\/uploads\/2023\/04\/IMG_8312-300x225.jpg 300w, https:\/\/somosdelprieto.com\/wp-content\/uploads\/2023\/04\/IMG_8312-768x576.jpg 768w, https:\/\/somosdelprieto.com\/wp-content\/uploads\/2023\/04\/IMG_8312-1536x1152.jpg 1536w, https:\/\/somosdelprieto.com\/wp-content\/uploads\/2023\/04\/IMG_8312-2048x1536.jpg 2048w\" sizes=\"auto, (max-width: 767px) 89vw, (max-width: 1000px) 54vw, (max-width: 1071px) 543px, 580px\" \/><\/figure>\n\n\n\n<p>La experiencia ha sido muy satisfactoria y ha servido para que el alumnado compartiera con el resto de sus compa\u00f1eros y profesores, sus gustos musicales y sus creaciones po\u00e9ticas.<\/p>\n\n\n\n<p>Estos son algunos de los poemas:<\/p>\n\n\n\n<div class=\"wp-block-file\"><a href=\"https:\/\/somosdelprieto.com\/wp-content\/uploads\/2023\/04\/La-Mu\u0301sica-es-poesi\u0301a.pdf\">La-Mu\u0301sica-es-poesi\u0301a<\/a><a href=\"https:\/\/somosdelprieto.com\/wp-content\/uploads\/2023\/04\/La-Mu\u0301sica-es-poesi\u0301a.pdf\" class=\"wp-block-file__button\" download>Descarga<\/a><\/div>\n\n\n\n<figure class=\"wp-block-audio\"><audio controls src=\"https:\/\/somosdelprieto.com\/wp-content\/uploads\/2023\/04\/Rap-Naiara-Suen\u0303os-son.mp3\"><\/audio><\/figure>\n\n\n\n<figure class=\"wp-block-audio\"><audio controls src=\"https:\/\/somosdelprieto.com\/wp-content\/uploads\/2023\/04\/Rap-Mikel-Risa.mp3\"><\/audio><\/figure>\n\n\n\n<figure class=\"wp-block-audio\"><audio controls src=\"https:\/\/somosdelprieto.com\/wp-content\/uploads\/2023\/04\/Rap-Paula-Tu-no-me-vera\u0301s.mp3\"><\/audio><\/figure>\n","protected":false},"excerpt":{"rendered":"<p>En este proyecto STEAM, el alumnado de 1\u00ba de la ESO, a trav\u00e9s de las materias de Lengua Castellana y Literatura y M\u00fasica,&nbsp; ha reflexionado sobre sus gustos musicales y ha analizado las letras de las canciones de sus m\u00fasicas favoritas. Adem\u00e1s, tambi\u00e9n ha trabajado en la composici\u00f3n de poemas originales que posteriormente han recitado &hellip; <\/p>\n<p class=\"link-more\"><a href=\"https:\/\/somosdelprieto.com\/index.php\/2023\/04\/13\/la-musica-es-poesia\/\" class=\"more-link\">Continuar leyendo<span class=\"screen-reader-text\"> \u00abLa M\u00fasica es Poes\u00eda\u00bb<\/span><\/a><\/p>\n","protected":false},"author":36,"featured_media":14433,"comment_status":"closed","ping_status":"closed","sticky":false,"template":"","format":"standard","meta":{"footnotes":""},"categories":[37,39,1,40,66],"tags":[239,93,304,92],"class_list":["post-14429","post","type-post","status-publish","format-standard","has-post-thumbnail","hentry","category-lengua-y-literatura","category-musica","category-noticias","category-orientacion","category-steam","tag-lengua-y-literatura","tag-musica","tag-poesia","tag-steam"],"_links":{"self":[{"href":"https:\/\/somosdelprieto.com\/index.php\/wp-json\/wp\/v2\/posts\/14429","targetHints":{"allow":["GET"]}}],"collection":[{"href":"https:\/\/somosdelprieto.com\/index.php\/wp-json\/wp\/v2\/posts"}],"about":[{"href":"https:\/\/somosdelprieto.com\/index.php\/wp-json\/wp\/v2\/types\/post"}],"author":[{"embeddable":true,"href":"https:\/\/somosdelprieto.com\/index.php\/wp-json\/wp\/v2\/users\/36"}],"replies":[{"embeddable":true,"href":"https:\/\/somosdelprieto.com\/index.php\/wp-json\/wp\/v2\/comments?post=14429"}],"version-history":[{"count":4,"href":"https:\/\/somosdelprieto.com\/index.php\/wp-json\/wp\/v2\/posts\/14429\/revisions"}],"predecessor-version":[{"id":14441,"href":"https:\/\/somosdelprieto.com\/index.php\/wp-json\/wp\/v2\/posts\/14429\/revisions\/14441"}],"wp:featuredmedia":[{"embeddable":true,"href":"https:\/\/somosdelprieto.com\/index.php\/wp-json\/wp\/v2\/media\/14433"}],"wp:attachment":[{"href":"https:\/\/somosdelprieto.com\/index.php\/wp-json\/wp\/v2\/media?parent=14429"}],"wp:term":[{"taxonomy":"category","embeddable":true,"href":"https:\/\/somosdelprieto.com\/index.php\/wp-json\/wp\/v2\/categories?post=14429"},{"taxonomy":"post_tag","embeddable":true,"href":"https:\/\/somosdelprieto.com\/index.php\/wp-json\/wp\/v2\/tags?post=14429"}],"curies":[{"name":"wp","href":"https:\/\/api.w.org\/{rel}","templated":true}]}}