{"id":14264,"date":"2023-03-26T16:45:59","date_gmt":"2023-03-26T14:45:59","guid":{"rendered":"https:\/\/somosdelprieto.com\/?p=14264"},"modified":"2023-03-26T16:45:59","modified_gmt":"2023-03-26T14:45:59","slug":"jornada-de-sensibilizacion-relacionada-con-la-carrera-solidaria","status":"publish","type":"post","link":"https:\/\/somosdelprieto.com\/index.php\/2023\/03\/26\/jornada-de-sensibilizacion-relacionada-con-la-carrera-solidaria\/","title":{"rendered":"JORNADA DE SENSIBILIZACI\u00d3N RELACIONADA CON LA CARRERA SOLIDARIA"},"content":{"rendered":"\n<p>A trav\u00e9s de la organizaci\u00f3n de la carrera solidaria pretendemos fomentar el compromiso de nuestros centros con la formaci\u00f3n de personas responsables, solidarias y comprometidas con la mejora del entorno que les rodea. <\/p>\n\n\n\n<p>Es por esto por lo que el viernes 24 de marzo las dos entidades a las que dedicaremos las donaciones de la carrera, <strong>C\u00e1ritas<\/strong> y <strong>AECC, <\/strong>presentaron su labor con el objetivo de concienciar al alumnado de la importancia de nuestro apoyo.<\/p>\n\n\n\n<p>Las charlas se desarrollaron de forma presencial en los IES Gregorio Prieto y Bernardo de Balbuena, retransmiti\u00e9ndose de forma online a todo el alumnado que no pod\u00eda participar por limitaci\u00f3n de aforo y llegando a m\u00e1s de 1000 alumnos y alumnas entre los tres centros.<\/p>\n\n\n\n<p>Agradecemos la colaboraci\u00f3n de ambas asociaciones en el desarrollo de esta jornada tan enriquecedora.<\/p>\n\n\n\n<figure class=\"wp-block-image size-large\"><img loading=\"lazy\" decoding=\"async\" width=\"1024\" height=\"461\" src=\"https:\/\/somosdelprieto.com\/wp-content\/uploads\/2023\/03\/WhatsApp-Image-2023-03-24-at-17.12.20-1024x461.jpeg\" alt=\"\" class=\"wp-image-14265\" srcset=\"https:\/\/somosdelprieto.com\/wp-content\/uploads\/2023\/03\/WhatsApp-Image-2023-03-24-at-17.12.20-1024x461.jpeg 1024w, https:\/\/somosdelprieto.com\/wp-content\/uploads\/2023\/03\/WhatsApp-Image-2023-03-24-at-17.12.20-300x135.jpeg 300w, https:\/\/somosdelprieto.com\/wp-content\/uploads\/2023\/03\/WhatsApp-Image-2023-03-24-at-17.12.20-768x346.jpeg 768w, https:\/\/somosdelprieto.com\/wp-content\/uploads\/2023\/03\/WhatsApp-Image-2023-03-24-at-17.12.20-1536x692.jpeg 1536w, https:\/\/somosdelprieto.com\/wp-content\/uploads\/2023\/03\/WhatsApp-Image-2023-03-24-at-17.12.20.jpeg 1600w\" sizes=\"auto, (max-width: 767px) 89vw, (max-width: 1000px) 54vw, (max-width: 1071px) 543px, 580px\" \/><\/figure>\n\n\n\n<figure class=\"wp-block-image size-large\"><img loading=\"lazy\" decoding=\"async\" width=\"1024\" height=\"461\" src=\"https:\/\/somosdelprieto.com\/wp-content\/uploads\/2023\/03\/WhatsApp-Image-2023-03-24-at-17.12.21-1024x461.jpeg\" alt=\"\" class=\"wp-image-14266\" srcset=\"https:\/\/somosdelprieto.com\/wp-content\/uploads\/2023\/03\/WhatsApp-Image-2023-03-24-at-17.12.21-1024x461.jpeg 1024w, https:\/\/somosdelprieto.com\/wp-content\/uploads\/2023\/03\/WhatsApp-Image-2023-03-24-at-17.12.21-300x135.jpeg 300w, https:\/\/somosdelprieto.com\/wp-content\/uploads\/2023\/03\/WhatsApp-Image-2023-03-24-at-17.12.21-768x346.jpeg 768w, https:\/\/somosdelprieto.com\/wp-content\/uploads\/2023\/03\/WhatsApp-Image-2023-03-24-at-17.12.21-1536x692.jpeg 1536w, https:\/\/somosdelprieto.com\/wp-content\/uploads\/2023\/03\/WhatsApp-Image-2023-03-24-at-17.12.21.jpeg 1600w\" sizes=\"auto, (max-width: 767px) 89vw, (max-width: 1000px) 54vw, (max-width: 1071px) 543px, 580px\" \/><\/figure>\n","protected":false},"excerpt":{"rendered":"<p>A trav\u00e9s de la organizaci\u00f3n de la carrera solidaria pretendemos fomentar el compromiso de nuestros centros con la formaci\u00f3n de personas responsables, solidarias y comprometidas con la mejora del entorno que les rodea. Es por esto por lo que el viernes 24 de marzo las dos entidades a las que dedicaremos las donaciones de la &hellip; <\/p>\n<p class=\"link-more\"><a href=\"https:\/\/somosdelprieto.com\/index.php\/2023\/03\/26\/jornada-de-sensibilizacion-relacionada-con-la-carrera-solidaria\/\" class=\"more-link\">Continuar leyendo<span class=\"screen-reader-text\"> \u00abJORNADA DE SENSIBILIZACI\u00d3N RELACIONADA CON LA CARRERA SOLIDARIA\u00bb<\/span><\/a><\/p>\n","protected":false},"author":26,"featured_media":14259,"comment_status":"closed","ping_status":"closed","sticky":false,"template":"","format":"standard","meta":{"footnotes":""},"categories":[26,1,101],"tags":[],"class_list":["post-14264","post","type-post","status-publish","format-standard","has-post-thumbnail","hentry","category-educacion-fisica","category-noticias","category-proyecto-escolar-saludable"],"_links":{"self":[{"href":"https:\/\/somosdelprieto.com\/index.php\/wp-json\/wp\/v2\/posts\/14264","targetHints":{"allow":["GET"]}}],"collection":[{"href":"https:\/\/somosdelprieto.com\/index.php\/wp-json\/wp\/v2\/posts"}],"about":[{"href":"https:\/\/somosdelprieto.com\/index.php\/wp-json\/wp\/v2\/types\/post"}],"author":[{"embeddable":true,"href":"https:\/\/somosdelprieto.com\/index.php\/wp-json\/wp\/v2\/users\/26"}],"replies":[{"embeddable":true,"href":"https:\/\/somosdelprieto.com\/index.php\/wp-json\/wp\/v2\/comments?post=14264"}],"version-history":[{"count":6,"href":"https:\/\/somosdelprieto.com\/index.php\/wp-json\/wp\/v2\/posts\/14264\/revisions"}],"predecessor-version":[{"id":14272,"href":"https:\/\/somosdelprieto.com\/index.php\/wp-json\/wp\/v2\/posts\/14264\/revisions\/14272"}],"wp:featuredmedia":[{"embeddable":true,"href":"https:\/\/somosdelprieto.com\/index.php\/wp-json\/wp\/v2\/media\/14259"}],"wp:attachment":[{"href":"https:\/\/somosdelprieto.com\/index.php\/wp-json\/wp\/v2\/media?parent=14264"}],"wp:term":[{"taxonomy":"category","embeddable":true,"href":"https:\/\/somosdelprieto.com\/index.php\/wp-json\/wp\/v2\/categories?post=14264"},{"taxonomy":"post_tag","embeddable":true,"href":"https:\/\/somosdelprieto.com\/index.php\/wp-json\/wp\/v2\/tags?post=14264"}],"curies":[{"name":"wp","href":"https:\/\/api.w.org\/{rel}","templated":true}]}}