{"id":14227,"date":"2023-03-23T11:10:37","date_gmt":"2023-03-23T10:10:37","guid":{"rendered":"https:\/\/somosdelprieto.com\/?p=14227"},"modified":"2023-03-23T11:17:06","modified_gmt":"2023-03-23T10:17:06","slug":"fernando-garcia-de-santamaria-alumno-del-programa-de-fp-basica-de-jardineria-del-ies-gregorio-prieto-ganador-de-un-oro-y-plata-en-el-xxx-campeonato-de-espana","status":"publish","type":"post","link":"https:\/\/somosdelprieto.com\/index.php\/2023\/03\/23\/fernando-garcia-de-santamaria-alumno-del-programa-de-fp-basica-de-jardineria-del-ies-gregorio-prieto-ganador-de-un-oro-y-plata-en-el-xxx-campeonato-de-espana\/","title":{"rendered":"Fernando Garc\u00eda de Santamar\u00eda, alumno del programa de FP de grado b\u00e1sico de Jardiner\u00eda del IES Gregorio Prieto, ganador de un Oro y Plata en el XXX Campeonato de Espa\u00f1a"},"content":{"rendered":"\n<p>En el marco del D\u00eda Mundial del S\u00edndrome de Down, celebrado el pasado 21 de marzo, queremos destacar el gran logro de uno de los alumnos del IES Gregorio Prieto de Valdepe\u00f1as, Fernando Garc\u00eda de Santamar\u00eda. Este joven, quien forma parte del programa de FP B\u00e1sica de Jardiner\u00eda, ha ganado la medalla de Oro y Plata en el XXX Campeonato de Espa\u00f1a FEDDI celebrado en Torrevieja.<\/p>\n\n\n\n<figure class=\"wp-block-image size-large\"><img loading=\"lazy\" decoding=\"async\" width=\"667\" height=\"498\" src=\"https:\/\/somosdelprieto.com\/wp-content\/uploads\/2023\/03\/Captura-de-pantalla-2023-03-23-a-las-11.10.11.png\" alt=\"\" class=\"wp-image-14228\" srcset=\"https:\/\/somosdelprieto.com\/wp-content\/uploads\/2023\/03\/Captura-de-pantalla-2023-03-23-a-las-11.10.11.png 667w, https:\/\/somosdelprieto.com\/wp-content\/uploads\/2023\/03\/Captura-de-pantalla-2023-03-23-a-las-11.10.11-300x224.png 300w\" sizes=\"auto, (max-width: 667px) 100vw, 667px\" \/><\/figure>\n\n\n\n<p>Este logro no solo demuestra el talento y dedicaci\u00f3n de Fernando, sino que tambi\u00e9n pone de relieve la importancia de dar visibilidad y reconocimiento a personas con s\u00edndrome de Down y otras discapacidades intelectuales. Adem\u00e1s, no podemos olvidar que en el v\u00eddeo promocional del D\u00eda Mundial del S\u00edndrome de Down, en el que se da visibilidad a mujeres que lo padecen, aparece otra alumna del centro, \u00c1ngela Arroyo, quien junto a Fernando, son un claro ejemplo de que con esfuerzo, dedicaci\u00f3n y apoyo, las personas con s\u00edndrome de Down pueden lograr grandes cosas.<\/p>\n","protected":false},"excerpt":{"rendered":"<p>En el marco del D\u00eda Mundial del S\u00edndrome de Down, celebrado el pasado 21 de marzo, queremos destacar el gran logro de uno de los alumnos del IES Gregorio Prieto de Valdepe\u00f1as, Fernando Garc\u00eda de Santamar\u00eda. Este joven, quien forma parte del programa de FP B\u00e1sica de Jardiner\u00eda, ha ganado la medalla de Oro y &hellip; <\/p>\n<p class=\"link-more\"><a href=\"https:\/\/somosdelprieto.com\/index.php\/2023\/03\/23\/fernando-garcia-de-santamaria-alumno-del-programa-de-fp-basica-de-jardineria-del-ies-gregorio-prieto-ganador-de-un-oro-y-plata-en-el-xxx-campeonato-de-espana\/\" class=\"more-link\">Continuar leyendo<span class=\"screen-reader-text\"> \u00abFernando Garc\u00eda de Santamar\u00eda, alumno del programa de FP de grado b\u00e1sico de Jardiner\u00eda del IES Gregorio Prieto, ganador de un Oro y Plata en el XXX Campeonato de Espa\u00f1a\u00bb<\/span><\/a><\/p>\n","protected":false},"author":64,"featured_media":14228,"comment_status":"closed","ping_status":"closed","sticky":false,"template":"","format":"standard","meta":{"footnotes":""},"categories":[1],"tags":[],"class_list":["post-14227","post","type-post","status-publish","format-standard","has-post-thumbnail","hentry","category-noticias"],"_links":{"self":[{"href":"https:\/\/somosdelprieto.com\/index.php\/wp-json\/wp\/v2\/posts\/14227","targetHints":{"allow":["GET"]}}],"collection":[{"href":"https:\/\/somosdelprieto.com\/index.php\/wp-json\/wp\/v2\/posts"}],"about":[{"href":"https:\/\/somosdelprieto.com\/index.php\/wp-json\/wp\/v2\/types\/post"}],"author":[{"embeddable":true,"href":"https:\/\/somosdelprieto.com\/index.php\/wp-json\/wp\/v2\/users\/64"}],"replies":[{"embeddable":true,"href":"https:\/\/somosdelprieto.com\/index.php\/wp-json\/wp\/v2\/comments?post=14227"}],"version-history":[{"count":3,"href":"https:\/\/somosdelprieto.com\/index.php\/wp-json\/wp\/v2\/posts\/14227\/revisions"}],"predecessor-version":[{"id":14231,"href":"https:\/\/somosdelprieto.com\/index.php\/wp-json\/wp\/v2\/posts\/14227\/revisions\/14231"}],"wp:featuredmedia":[{"embeddable":true,"href":"https:\/\/somosdelprieto.com\/index.php\/wp-json\/wp\/v2\/media\/14228"}],"wp:attachment":[{"href":"https:\/\/somosdelprieto.com\/index.php\/wp-json\/wp\/v2\/media?parent=14227"}],"wp:term":[{"taxonomy":"category","embeddable":true,"href":"https:\/\/somosdelprieto.com\/index.php\/wp-json\/wp\/v2\/categories?post=14227"},{"taxonomy":"post_tag","embeddable":true,"href":"https:\/\/somosdelprieto.com\/index.php\/wp-json\/wp\/v2\/tags?post=14227"}],"curies":[{"name":"wp","href":"https:\/\/api.w.org\/{rel}","templated":true}]}}