{"id":14171,"date":"2023-03-18T12:00:46","date_gmt":"2023-03-18T11:00:46","guid":{"rendered":"https:\/\/somosdelprieto.com\/?p=14171"},"modified":"2023-03-18T12:00:46","modified_gmt":"2023-03-18T11:00:46","slug":"dia-de-la-mujer-en-la-biblioteca","status":"publish","type":"post","link":"https:\/\/somosdelprieto.com\/index.php\/2023\/03\/18\/dia-de-la-mujer-en-la-biblioteca\/","title":{"rendered":"D\u00eda de la mujer en la Biblioteca"},"content":{"rendered":"\n<p>El pasado 8 de marzo celebramos el D\u00eda Internacional de la Mujer, y nuestros alumnos y alumnas de 4\u00ba de ESO  hicieron un gran trabajo de investigaci\u00f3n sobre las vidas de mujeres escritoras de todas las \u00e9pocas, que despu\u00e9s se expuso en la Biblioteca. <\/p>\n","protected":false},"excerpt":{"rendered":"<p>El pasado 8 de marzo celebramos el D\u00eda Internacional de la Mujer, y nuestros alumnos y alumnas de 4\u00ba de ESO hicieron un gran trabajo de investigaci\u00f3n sobre las vidas de mujeres escritoras de todas las \u00e9pocas, que despu\u00e9s se expuso en la Biblioteca.<\/p>\n","protected":false},"author":34,"featured_media":14172,"comment_status":"closed","ping_status":"closed","sticky":false,"template":"","format":"standard","meta":{"footnotes":""},"categories":[243,37],"tags":[240,239],"class_list":["post-14171","post","type-post","status-publish","format-standard","has-post-thumbnail","hentry","category-biblioteca","category-lengua-y-literatura","tag-biblioteca","tag-lengua-y-literatura"],"_links":{"self":[{"href":"https:\/\/somosdelprieto.com\/index.php\/wp-json\/wp\/v2\/posts\/14171","targetHints":{"allow":["GET"]}}],"collection":[{"href":"https:\/\/somosdelprieto.com\/index.php\/wp-json\/wp\/v2\/posts"}],"about":[{"href":"https:\/\/somosdelprieto.com\/index.php\/wp-json\/wp\/v2\/types\/post"}],"author":[{"embeddable":true,"href":"https:\/\/somosdelprieto.com\/index.php\/wp-json\/wp\/v2\/users\/34"}],"replies":[{"embeddable":true,"href":"https:\/\/somosdelprieto.com\/index.php\/wp-json\/wp\/v2\/comments?post=14171"}],"version-history":[{"count":1,"href":"https:\/\/somosdelprieto.com\/index.php\/wp-json\/wp\/v2\/posts\/14171\/revisions"}],"predecessor-version":[{"id":14173,"href":"https:\/\/somosdelprieto.com\/index.php\/wp-json\/wp\/v2\/posts\/14171\/revisions\/14173"}],"wp:featuredmedia":[{"embeddable":true,"href":"https:\/\/somosdelprieto.com\/index.php\/wp-json\/wp\/v2\/media\/14172"}],"wp:attachment":[{"href":"https:\/\/somosdelprieto.com\/index.php\/wp-json\/wp\/v2\/media?parent=14171"}],"wp:term":[{"taxonomy":"category","embeddable":true,"href":"https:\/\/somosdelprieto.com\/index.php\/wp-json\/wp\/v2\/categories?post=14171"},{"taxonomy":"post_tag","embeddable":true,"href":"https:\/\/somosdelprieto.com\/index.php\/wp-json\/wp\/v2\/tags?post=14171"}],"curies":[{"name":"wp","href":"https:\/\/api.w.org\/{rel}","templated":true}]}}