{"id":14167,"date":"2023-03-16T10:38:40","date_gmt":"2023-03-16T09:38:40","guid":{"rendered":"https:\/\/somosdelprieto.com\/?p=14167"},"modified":"2023-03-16T10:45:18","modified_gmt":"2023-03-16T09:45:18","slug":"jefatura-de-estudios-y-orientacion-se-mantiene-actualizada-gracias-a-las-vi-jornadas-de-orientacion-en-clm","status":"publish","type":"post","link":"https:\/\/somosdelprieto.com\/index.php\/2023\/03\/16\/jefatura-de-estudios-y-orientacion-se-mantiene-actualizada-gracias-a-las-vi-jornadas-de-orientacion-en-clm\/","title":{"rendered":"Jefatura de Estudios y Orientaci\u00f3n se mantiene actualizada gracias a las VI Jornadas de Orientaci\u00f3n en CLM"},"content":{"rendered":"\n<p>La Jefatura de Estudios y Orientaci\u00f3n del centro ha participado recientemente en las VI Jornadas para Equipos de Orientaci\u00f3n y Direcci\u00f3n de Centros de Secundaria de Castilla-La Mancha. Durante el evento, se presentaron los plazos para la solicitud de becas universitarias y residencias, as\u00ed como las novedades y dudas relacionadas con la Evaluaci\u00f3n de Acceso a la Universidad (EVAU) y los procesos de acceso y admisi\u00f3n a la misma.<\/p>\n\n\n\n<figure class=\"wp-block-image size-large\"><img loading=\"lazy\" decoding=\"async\" width=\"1024\" height=\"462\" src=\"https:\/\/somosdelprieto.com\/wp-content\/uploads\/2023\/03\/Gregorio-Prieto-02-1024x462.jpeg\" alt=\"\" class=\"wp-image-14168\" srcset=\"https:\/\/somosdelprieto.com\/wp-content\/uploads\/2023\/03\/Gregorio-Prieto-02-1024x462.jpeg 1024w, https:\/\/somosdelprieto.com\/wp-content\/uploads\/2023\/03\/Gregorio-Prieto-02-300x135.jpeg 300w, https:\/\/somosdelprieto.com\/wp-content\/uploads\/2023\/03\/Gregorio-Prieto-02-768x346.jpeg 768w, https:\/\/somosdelprieto.com\/wp-content\/uploads\/2023\/03\/Gregorio-Prieto-02-1536x692.jpeg 1536w, https:\/\/somosdelprieto.com\/wp-content\/uploads\/2023\/03\/Gregorio-Prieto-02.jpeg 2048w\" sizes=\"auto, (max-width: 767px) 89vw, (max-width: 1000px) 54vw, (max-width: 1071px) 543px, 580px\" \/><\/figure>\n\n\n\n<figure class=\"wp-block-image size-large\"><img loading=\"lazy\" decoding=\"async\" width=\"1024\" height=\"462\" src=\"https:\/\/somosdelprieto.com\/wp-content\/uploads\/2023\/03\/Gregorio-Prieto-03-1024x462.jpeg\" alt=\"\" class=\"wp-image-14169\" srcset=\"https:\/\/somosdelprieto.com\/wp-content\/uploads\/2023\/03\/Gregorio-Prieto-03-1024x462.jpeg 1024w, https:\/\/somosdelprieto.com\/wp-content\/uploads\/2023\/03\/Gregorio-Prieto-03-300x135.jpeg 300w, https:\/\/somosdelprieto.com\/wp-content\/uploads\/2023\/03\/Gregorio-Prieto-03-768x346.jpeg 768w, https:\/\/somosdelprieto.com\/wp-content\/uploads\/2023\/03\/Gregorio-Prieto-03-1536x692.jpeg 1536w, https:\/\/somosdelprieto.com\/wp-content\/uploads\/2023\/03\/Gregorio-Prieto-03.jpeg 2048w\" sizes=\"auto, (max-width: 767px) 89vw, (max-width: 1000px) 54vw, (max-width: 1071px) 543px, 580px\" \/><\/figure>\n\n\n\n<p>Adem\u00e1s, en este encuentro se trataron diversos temas relacionados con la orientaci\u00f3n educativa y profesional, que son de gran importancia para nuestro centro y nuestros estudiantes. En esta ocasi\u00f3n, la Universidad de Castilla-La Mancha y la Junta de Comunidades de Castilla-La Mancha se unieron para llevar a cabo esta iniciativa, con el fin de mejorar la calidad de la educaci\u00f3n en la regi\u00f3n.<\/p>\n\n\n\n<p>En definitiva, gracias a la participaci\u00f3n en estas jornadas, nuestro centro est\u00e1 al d\u00eda en cuanto a las \u00faltimas novedades y plazos relacionados con la educaci\u00f3n universitaria y la orientaci\u00f3n educativa y profesional, lo cual nos permite ofrecer un mejor servicio a nuestros estudiantes y sus familias<\/p>\n","protected":false},"excerpt":{"rendered":"<p>La Jefatura de Estudios y Orientaci\u00f3n del centro ha participado recientemente en las VI Jornadas para Equipos de Orientaci\u00f3n y Direcci\u00f3n de Centros de Secundaria de Castilla-La Mancha. Durante el evento, se presentaron los plazos para la solicitud de becas universitarias y residencias, as\u00ed como las novedades y dudas relacionadas con la Evaluaci\u00f3n de Acceso &hellip; <\/p>\n<p class=\"link-more\"><a href=\"https:\/\/somosdelprieto.com\/index.php\/2023\/03\/16\/jefatura-de-estudios-y-orientacion-se-mantiene-actualizada-gracias-a-las-vi-jornadas-de-orientacion-en-clm\/\" class=\"more-link\">Continuar leyendo<span class=\"screen-reader-text\"> \u00abJefatura de Estudios y Orientaci\u00f3n se mantiene actualizada gracias a las VI Jornadas de Orientaci\u00f3n en CLM\u00bb<\/span><\/a><\/p>\n","protected":false},"author":64,"featured_media":14168,"comment_status":"closed","ping_status":"closed","sticky":false,"template":"","format":"standard","meta":{"footnotes":""},"categories":[1],"tags":[],"class_list":["post-14167","post","type-post","status-publish","format-standard","has-post-thumbnail","hentry","category-noticias"],"_links":{"self":[{"href":"https:\/\/somosdelprieto.com\/index.php\/wp-json\/wp\/v2\/posts\/14167","targetHints":{"allow":["GET"]}}],"collection":[{"href":"https:\/\/somosdelprieto.com\/index.php\/wp-json\/wp\/v2\/posts"}],"about":[{"href":"https:\/\/somosdelprieto.com\/index.php\/wp-json\/wp\/v2\/types\/post"}],"author":[{"embeddable":true,"href":"https:\/\/somosdelprieto.com\/index.php\/wp-json\/wp\/v2\/users\/64"}],"replies":[{"embeddable":true,"href":"https:\/\/somosdelprieto.com\/index.php\/wp-json\/wp\/v2\/comments?post=14167"}],"version-history":[{"count":1,"href":"https:\/\/somosdelprieto.com\/index.php\/wp-json\/wp\/v2\/posts\/14167\/revisions"}],"predecessor-version":[{"id":14170,"href":"https:\/\/somosdelprieto.com\/index.php\/wp-json\/wp\/v2\/posts\/14167\/revisions\/14170"}],"wp:featuredmedia":[{"embeddable":true,"href":"https:\/\/somosdelprieto.com\/index.php\/wp-json\/wp\/v2\/media\/14168"}],"wp:attachment":[{"href":"https:\/\/somosdelprieto.com\/index.php\/wp-json\/wp\/v2\/media?parent=14167"}],"wp:term":[{"taxonomy":"category","embeddable":true,"href":"https:\/\/somosdelprieto.com\/index.php\/wp-json\/wp\/v2\/categories?post=14167"},{"taxonomy":"post_tag","embeddable":true,"href":"https:\/\/somosdelprieto.com\/index.php\/wp-json\/wp\/v2\/tags?post=14167"}],"curies":[{"name":"wp","href":"https:\/\/api.w.org\/{rel}","templated":true}]}}