{"id":14012,"date":"2023-03-06T11:32:05","date_gmt":"2023-03-06T10:32:05","guid":{"rendered":"https:\/\/somosdelprieto.com\/?p=14012"},"modified":"2023-03-13T11:34:56","modified_gmt":"2023-03-13T10:34:56","slug":"estudiantes-portugueses-y-espanoles-se-unen-en-una-semana-de-aprendizaje-intercultural-en-el-ies-gregorio-prieto","status":"publish","type":"post","link":"https:\/\/somosdelprieto.com\/index.php\/2023\/03\/06\/estudiantes-portugueses-y-espanoles-se-unen-en-una-semana-de-aprendizaje-intercultural-en-el-ies-gregorio-prieto\/","title":{"rendered":"Estudiantes portugueses y espa\u00f1oles se unen en una semana de aprendizaje intercultural en el IES Gregorio Prieto"},"content":{"rendered":"\n<p>Nuestro centro acogi\u00f3 la semana pasada a un grupo de estudiantes portugueses, del peque\u00f1o municipio de <em>Ma\u00e7\u00e3o<\/em>, en el marco de un programa de intercambio educativo Erasmus. Durante toda la semana, los alumnos del centro manchego y los visitantes  tuvieron la oportunidad de participar en diversas actividades en las que han aprendido y colaborado juntos.<\/p>\n\n\n\n<p>Los departamentos de Comercio y Marketing, Hosteler\u00eda y Turismo y Transporte y Mantenimiento de veh\u00edculos fueron  los encargados de preparar las actividades para los estudiantes, quienes han disfrutado de una amplia variedad de experiencias. Por ejemplo, han realizado un taller de <em>branding<\/em> en el que han desarrollado nuevas marcas portuguesas y espa\u00f1olas. Adem\u00e1s, han visitado lugares emblem\u00e1ticos como el corral de comedias de Almagro, el Parador de Manzanares y la bodega Yuntero en Manzanares. Por supuesto que nuestros estudiantes internacionales no pod\u00edan perderse Valdepe\u00f1as y disfrutaban de una visita guiada para aprender de nuestra cultura, gastronom\u00eda, historia y costumbres. <\/p>\n\n\n\n<figure class=\"wp-block-gallery columns-3 is-cropped wp-block-gallery-1 is-layout-flex wp-block-gallery-is-layout-flex\"><ul class=\"blocks-gallery-grid\"><li class=\"blocks-gallery-item\"><figure><img loading=\"lazy\" decoding=\"async\" width=\"1024\" height=\"576\" src=\"https:\/\/somosdelprieto.com\/wp-content\/uploads\/2023\/03\/Portugal-GP-2.jpeg\" alt=\"\" data-id=\"14014\" data-full-url=\"https:\/\/somosdelprieto.com\/wp-content\/uploads\/2023\/03\/Portugal-GP-2.jpeg\" data-link=\"https:\/\/somosdelprieto.com\/?attachment_id=14014\" class=\"wp-image-14014\" srcset=\"https:\/\/somosdelprieto.com\/wp-content\/uploads\/2023\/03\/Portugal-GP-2.jpeg 1024w, https:\/\/somosdelprieto.com\/wp-content\/uploads\/2023\/03\/Portugal-GP-2-300x169.jpeg 300w, https:\/\/somosdelprieto.com\/wp-content\/uploads\/2023\/03\/Portugal-GP-2-768x432.jpeg 768w\" sizes=\"auto, (max-width: 767px) 89vw, (max-width: 1000px) 54vw, (max-width: 1071px) 543px, 580px\" \/><\/figure><\/li><li class=\"blocks-gallery-item\"><figure><img loading=\"lazy\" decoding=\"async\" width=\"1024\" height=\"768\" src=\"https:\/\/somosdelprieto.com\/wp-content\/uploads\/2023\/03\/Portugal-GP-4.jpeg\" alt=\"\" data-id=\"14015\" data-full-url=\"https:\/\/somosdelprieto.com\/wp-content\/uploads\/2023\/03\/Portugal-GP-4.jpeg\" data-link=\"https:\/\/somosdelprieto.com\/?attachment_id=14015\" class=\"wp-image-14015\" srcset=\"https:\/\/somosdelprieto.com\/wp-content\/uploads\/2023\/03\/Portugal-GP-4.jpeg 1024w, https:\/\/somosdelprieto.com\/wp-content\/uploads\/2023\/03\/Portugal-GP-4-300x225.jpeg 300w, https:\/\/somosdelprieto.com\/wp-content\/uploads\/2023\/03\/Portugal-GP-4-768x576.jpeg 768w\" sizes=\"auto, (max-width: 767px) 89vw, (max-width: 1000px) 54vw, (max-width: 1071px) 543px, 580px\" \/><\/figure><\/li><li class=\"blocks-gallery-item\"><figure><img loading=\"lazy\" decoding=\"async\" width=\"1024\" height=\"768\" src=\"https:\/\/somosdelprieto.com\/wp-content\/uploads\/2023\/03\/Portugal-GP-1-1024x768.jpeg\" alt=\"\" data-id=\"14016\" data-full-url=\"https:\/\/somosdelprieto.com\/wp-content\/uploads\/2023\/03\/Portugal-GP-1.jpeg\" data-link=\"https:\/\/somosdelprieto.com\/?attachment_id=14016\" class=\"wp-image-14016\" srcset=\"https:\/\/somosdelprieto.com\/wp-content\/uploads\/2023\/03\/Portugal-GP-1-1024x768.jpeg 1024w, https:\/\/somosdelprieto.com\/wp-content\/uploads\/2023\/03\/Portugal-GP-1-300x225.jpeg 300w, https:\/\/somosdelprieto.com\/wp-content\/uploads\/2023\/03\/Portugal-GP-1-768x576.jpeg 768w, https:\/\/somosdelprieto.com\/wp-content\/uploads\/2023\/03\/Portugal-GP-1-1536x1152.jpeg 1536w, https:\/\/somosdelprieto.com\/wp-content\/uploads\/2023\/03\/Portugal-GP-1.jpeg 2048w\" sizes=\"auto, (max-width: 767px) 89vw, (max-width: 1000px) 54vw, (max-width: 1071px) 543px, 580px\" \/><\/figure><\/li><li class=\"blocks-gallery-item\"><figure><img loading=\"lazy\" decoding=\"async\" width=\"768\" height=\"1024\" src=\"https:\/\/somosdelprieto.com\/wp-content\/uploads\/2023\/03\/Portugal-GP-7-768x1024.jpeg\" alt=\"\" data-id=\"14017\" data-full-url=\"https:\/\/somosdelprieto.com\/wp-content\/uploads\/2023\/03\/Portugal-GP-7.jpeg\" data-link=\"https:\/\/somosdelprieto.com\/?attachment_id=14017\" class=\"wp-image-14017\" srcset=\"https:\/\/somosdelprieto.com\/wp-content\/uploads\/2023\/03\/Portugal-GP-7-768x1024.jpeg 768w, https:\/\/somosdelprieto.com\/wp-content\/uploads\/2023\/03\/Portugal-GP-7-225x300.jpeg 225w, https:\/\/somosdelprieto.com\/wp-content\/uploads\/2023\/03\/Portugal-GP-7-1152x1536.jpeg 1152w, https:\/\/somosdelprieto.com\/wp-content\/uploads\/2023\/03\/Portugal-GP-7.jpeg 1536w\" sizes=\"auto, (max-width: 767px) 89vw, (max-width: 1000px) 54vw, (max-width: 1071px) 543px, 580px\" \/><\/figure><\/li><li class=\"blocks-gallery-item\"><figure><img loading=\"lazy\" decoding=\"async\" width=\"768\" height=\"1024\" src=\"https:\/\/somosdelprieto.com\/wp-content\/uploads\/2023\/03\/Portugal-GP-6-768x1024.jpeg\" alt=\"\" data-id=\"14018\" data-full-url=\"https:\/\/somosdelprieto.com\/wp-content\/uploads\/2023\/03\/Portugal-GP-6.jpeg\" data-link=\"https:\/\/somosdelprieto.com\/?attachment_id=14018\" class=\"wp-image-14018\" srcset=\"https:\/\/somosdelprieto.com\/wp-content\/uploads\/2023\/03\/Portugal-GP-6-768x1024.jpeg 768w, https:\/\/somosdelprieto.com\/wp-content\/uploads\/2023\/03\/Portugal-GP-6-225x300.jpeg 225w, https:\/\/somosdelprieto.com\/wp-content\/uploads\/2023\/03\/Portugal-GP-6-1152x1536.jpeg 1152w, https:\/\/somosdelprieto.com\/wp-content\/uploads\/2023\/03\/Portugal-GP-6.jpeg 1536w\" sizes=\"auto, (max-width: 767px) 89vw, (max-width: 1000px) 54vw, (max-width: 1071px) 543px, 580px\" \/><\/figure><\/li><\/ul><\/figure>\n\n\n\n<p><\/p>\n\n\n\n<figure class=\"wp-block-gallery columns-1 is-cropped wp-block-gallery-2 is-layout-flex wp-block-gallery-is-layout-flex\"><ul class=\"blocks-gallery-grid\"><li class=\"blocks-gallery-item\"><figure><img loading=\"lazy\" decoding=\"async\" width=\"900\" height=\"852\" src=\"https:\/\/somosdelprieto.com\/wp-content\/uploads\/2023\/03\/90981e48-003b-4edd-9d80-944ae75ded6f.jpg\" alt=\"\" data-id=\"14027\" data-full-url=\"https:\/\/somosdelprieto.com\/wp-content\/uploads\/2023\/03\/90981e48-003b-4edd-9d80-944ae75ded6f.jpg\" data-link=\"https:\/\/somosdelprieto.com\/index.php\/2023\/03\/06\/estudiantes-portugueses-y-espanoles-se-unen-en-una-semana-de-aprendizaje-intercultural-en-el-ies-gregorio-prieto\/90981e48-003b-4edd-9d80-944ae75ded6f\/\" class=\"wp-image-14027\" srcset=\"https:\/\/somosdelprieto.com\/wp-content\/uploads\/2023\/03\/90981e48-003b-4edd-9d80-944ae75ded6f.jpg 900w, https:\/\/somosdelprieto.com\/wp-content\/uploads\/2023\/03\/90981e48-003b-4edd-9d80-944ae75ded6f-300x284.jpg 300w, https:\/\/somosdelprieto.com\/wp-content\/uploads\/2023\/03\/90981e48-003b-4edd-9d80-944ae75ded6f-768x727.jpg 768w\" sizes=\"auto, (max-width: 767px) 89vw, (max-width: 1000px) 54vw, (max-width: 1071px) 543px, 580px\" \/><\/figure><\/li><\/ul><\/figure>\n\n\n\n<p>En el taller de carrocer\u00eda, los estudiantes han dise\u00f1ado y construido una papelera con forma de coraz\u00f3n, mientras que en el taller de cocina fusi\u00f3n han aprendido a preparar platos con sabores portugueses y manchegos. La semana ha estado cargada de actividades interesantes que han permitido a los estudiantes conocer otras culturas y ampliar sus horizontes.<\/p>\n\n\n\n<figure class=\"wp-block-gallery columns-1 is-cropped wp-block-gallery-3 is-layout-flex wp-block-gallery-is-layout-flex\"><ul class=\"blocks-gallery-grid\"><li class=\"blocks-gallery-item\"><figure><img loading=\"lazy\" decoding=\"async\" width=\"1024\" height=\"768\" src=\"https:\/\/somosdelprieto.com\/wp-content\/uploads\/2023\/03\/Portugal-GP-1024x768.jpeg\" alt=\"\" data-id=\"14019\" data-full-url=\"https:\/\/somosdelprieto.com\/wp-content\/uploads\/2023\/03\/Portugal-GP.jpeg\" data-link=\"https:\/\/somosdelprieto.com\/?attachment_id=14019\" class=\"wp-image-14019\" srcset=\"https:\/\/somosdelprieto.com\/wp-content\/uploads\/2023\/03\/Portugal-GP-1024x768.jpeg 1024w, https:\/\/somosdelprieto.com\/wp-content\/uploads\/2023\/03\/Portugal-GP-300x225.jpeg 300w, https:\/\/somosdelprieto.com\/wp-content\/uploads\/2023\/03\/Portugal-GP-768x576.jpeg 768w, https:\/\/somosdelprieto.com\/wp-content\/uploads\/2023\/03\/Portugal-GP-1536x1152.jpeg 1536w, https:\/\/somosdelprieto.com\/wp-content\/uploads\/2023\/03\/Portugal-GP.jpeg 2000w\" sizes=\"auto, (max-width: 767px) 89vw, (max-width: 1000px) 54vw, (max-width: 1071px) 543px, 580px\" \/><\/figure><\/li><\/ul><\/figure>\n\n\n\n<figure class=\"wp-block-image size-large\"><img loading=\"lazy\" decoding=\"async\" width=\"1024\" height=\"768\" src=\"https:\/\/somosdelprieto.com\/wp-content\/uploads\/2023\/03\/Marketing-IES-Gregorio-Prieto-1024x768.jpeg\" alt=\"\" class=\"wp-image-14013\" srcset=\"https:\/\/somosdelprieto.com\/wp-content\/uploads\/2023\/03\/Marketing-IES-Gregorio-Prieto-1024x768.jpeg 1024w, https:\/\/somosdelprieto.com\/wp-content\/uploads\/2023\/03\/Marketing-IES-Gregorio-Prieto-300x225.jpeg 300w, https:\/\/somosdelprieto.com\/wp-content\/uploads\/2023\/03\/Marketing-IES-Gregorio-Prieto-768x576.jpeg 768w, https:\/\/somosdelprieto.com\/wp-content\/uploads\/2023\/03\/Marketing-IES-Gregorio-Prieto-1536x1152.jpeg 1536w, https:\/\/somosdelprieto.com\/wp-content\/uploads\/2023\/03\/Marketing-IES-Gregorio-Prieto.jpeg 2048w\" sizes=\"auto, (max-width: 767px) 89vw, (max-width: 1000px) 54vw, (max-width: 1071px) 543px, 580px\" \/><\/figure>\n\n\n\n<figure class=\"wp-block-image size-large\"><img loading=\"lazy\" decoding=\"async\" width=\"1024\" height=\"1003\" src=\"https:\/\/somosdelprieto.com\/wp-content\/uploads\/2023\/03\/IMG_2770-1024x1003.jpg\" alt=\"\" class=\"wp-image-14023\" srcset=\"https:\/\/somosdelprieto.com\/wp-content\/uploads\/2023\/03\/IMG_2770-1024x1003.jpg 1024w, https:\/\/somosdelprieto.com\/wp-content\/uploads\/2023\/03\/IMG_2770-300x294.jpg 300w, https:\/\/somosdelprieto.com\/wp-content\/uploads\/2023\/03\/IMG_2770-768x752.jpg 768w, https:\/\/somosdelprieto.com\/wp-content\/uploads\/2023\/03\/IMG_2770.jpg 1125w\" sizes=\"auto, (max-width: 767px) 89vw, (max-width: 1000px) 54vw, (max-width: 1071px) 543px, 580px\" \/><\/figure>\n\n\n\n<p>Finalmente el viernes tuvo lugar el acto de clausura en la Almazara, donde se disfrut\u00f3 de un aperitivo preparado por los compa\u00f1eros del departamento de cocina y restauraci\u00f3n.<\/p>\n\n\n\n<div class=\"wp-block-columns is-layout-flex wp-container-core-columns-is-layout-9d6595d7 wp-block-columns-is-layout-flex\">\n<div class=\"wp-block-column is-layout-flow wp-block-column-is-layout-flow\" style=\"flex-basis:100%\">\n<figure class=\"wp-block-gallery columns-2 is-cropped wp-block-gallery-4 is-layout-flex wp-block-gallery-is-layout-flex\"><ul class=\"blocks-gallery-grid\"><li class=\"blocks-gallery-item\"><figure><img loading=\"lazy\" decoding=\"async\" width=\"770\" height=\"1024\" src=\"https:\/\/somosdelprieto.com\/wp-content\/uploads\/2023\/03\/IMG_2772-770x1024.jpg\" alt=\"\" data-id=\"14024\" data-full-url=\"https:\/\/somosdelprieto.com\/wp-content\/uploads\/2023\/03\/IMG_2772.jpg\" data-link=\"https:\/\/somosdelprieto.com\/?attachment_id=14024\" class=\"wp-image-14024\" srcset=\"https:\/\/somosdelprieto.com\/wp-content\/uploads\/2023\/03\/IMG_2772-770x1024.jpg 770w, https:\/\/somosdelprieto.com\/wp-content\/uploads\/2023\/03\/IMG_2772-226x300.jpg 226w, https:\/\/somosdelprieto.com\/wp-content\/uploads\/2023\/03\/IMG_2772-768x1021.jpg 768w, https:\/\/somosdelprieto.com\/wp-content\/uploads\/2023\/03\/IMG_2772.jpg 1125w\" sizes=\"auto, (max-width: 767px) 89vw, (max-width: 1000px) 54vw, (max-width: 1071px) 543px, 580px\" \/><\/figure><\/li><li class=\"blocks-gallery-item\"><figure><img loading=\"lazy\" decoding=\"async\" width=\"776\" height=\"1024\" src=\"https:\/\/somosdelprieto.com\/wp-content\/uploads\/2023\/03\/IMG_2771-776x1024.jpg\" alt=\"\" data-id=\"14025\" data-full-url=\"https:\/\/somosdelprieto.com\/wp-content\/uploads\/2023\/03\/IMG_2771.jpg\" data-link=\"https:\/\/somosdelprieto.com\/?attachment_id=14025\" class=\"wp-image-14025\" srcset=\"https:\/\/somosdelprieto.com\/wp-content\/uploads\/2023\/03\/IMG_2771-776x1024.jpg 776w, https:\/\/somosdelprieto.com\/wp-content\/uploads\/2023\/03\/IMG_2771-227x300.jpg 227w, https:\/\/somosdelprieto.com\/wp-content\/uploads\/2023\/03\/IMG_2771-768x1014.jpg 768w, https:\/\/somosdelprieto.com\/wp-content\/uploads\/2023\/03\/IMG_2771.jpg 1125w\" sizes=\"auto, (max-width: 767px) 89vw, (max-width: 1000px) 54vw, (max-width: 1071px) 543px, 580px\" \/><\/figure><\/li><\/ul><\/figure>\n<\/div>\n<\/div>\n\n\n\n<p> La semana de intercambio ha sido un \u00e9xito y ha dejado un gran sabor de boca entre todos los participantes, quienes han podido disfrutar de una experiencia \u00fanica e enriquecedora.<\/p>\n\n\n\n<figure class=\"wp-block-gallery columns-3 is-cropped wp-block-gallery-5 is-layout-flex wp-block-gallery-is-layout-flex\"><ul class=\"blocks-gallery-grid\"><li class=\"blocks-gallery-item\"><figure><img loading=\"lazy\" decoding=\"async\" width=\"1024\" height=\"768\" src=\"https:\/\/somosdelprieto.com\/wp-content\/uploads\/2023\/03\/Portugal-GP-8-1024x768.jpeg\" alt=\"\" data-id=\"14020\" data-full-url=\"https:\/\/somosdelprieto.com\/wp-content\/uploads\/2023\/03\/Portugal-GP-8.jpeg\" data-link=\"https:\/\/somosdelprieto.com\/?attachment_id=14020\" class=\"wp-image-14020\" srcset=\"https:\/\/somosdelprieto.com\/wp-content\/uploads\/2023\/03\/Portugal-GP-8-1024x768.jpeg 1024w, https:\/\/somosdelprieto.com\/wp-content\/uploads\/2023\/03\/Portugal-GP-8-300x225.jpeg 300w, https:\/\/somosdelprieto.com\/wp-content\/uploads\/2023\/03\/Portugal-GP-8-768x576.jpeg 768w, https:\/\/somosdelprieto.com\/wp-content\/uploads\/2023\/03\/Portugal-GP-8-1536x1152.jpeg 1536w, https:\/\/somosdelprieto.com\/wp-content\/uploads\/2023\/03\/Portugal-GP-8.jpeg 2000w\" sizes=\"auto, (max-width: 767px) 89vw, (max-width: 1000px) 54vw, (max-width: 1071px) 543px, 580px\" \/><\/figure><\/li><li class=\"blocks-gallery-item\"><figure><img loading=\"lazy\" decoding=\"async\" width=\"1024\" height=\"768\" src=\"https:\/\/somosdelprieto.com\/wp-content\/uploads\/2023\/03\/Portugal-GP-5-1024x768.jpeg\" alt=\"\" data-id=\"14021\" data-full-url=\"https:\/\/somosdelprieto.com\/wp-content\/uploads\/2023\/03\/Portugal-GP-5.jpeg\" data-link=\"https:\/\/somosdelprieto.com\/?attachment_id=14021\" class=\"wp-image-14021\" srcset=\"https:\/\/somosdelprieto.com\/wp-content\/uploads\/2023\/03\/Portugal-GP-5-1024x768.jpeg 1024w, https:\/\/somosdelprieto.com\/wp-content\/uploads\/2023\/03\/Portugal-GP-5-300x225.jpeg 300w, https:\/\/somosdelprieto.com\/wp-content\/uploads\/2023\/03\/Portugal-GP-5-768x576.jpeg 768w, https:\/\/somosdelprieto.com\/wp-content\/uploads\/2023\/03\/Portugal-GP-5-1536x1152.jpeg 1536w, https:\/\/somosdelprieto.com\/wp-content\/uploads\/2023\/03\/Portugal-GP-5.jpeg 2000w\" sizes=\"auto, (max-width: 767px) 89vw, (max-width: 1000px) 54vw, (max-width: 1071px) 543px, 580px\" \/><\/figure><\/li><li class=\"blocks-gallery-item\"><figure><img loading=\"lazy\" decoding=\"async\" width=\"1024\" height=\"461\" src=\"https:\/\/somosdelprieto.com\/wp-content\/uploads\/2023\/03\/Portugal-GP-3-1024x461.jpeg\" alt=\"\" data-id=\"14022\" data-full-url=\"https:\/\/somosdelprieto.com\/wp-content\/uploads\/2023\/03\/Portugal-GP-3.jpeg\" data-link=\"https:\/\/somosdelprieto.com\/?attachment_id=14022\" class=\"wp-image-14022\" srcset=\"https:\/\/somosdelprieto.com\/wp-content\/uploads\/2023\/03\/Portugal-GP-3-1024x461.jpeg 1024w, https:\/\/somosdelprieto.com\/wp-content\/uploads\/2023\/03\/Portugal-GP-3-300x135.jpeg 300w, https:\/\/somosdelprieto.com\/wp-content\/uploads\/2023\/03\/Portugal-GP-3-768x346.jpeg 768w, https:\/\/somosdelprieto.com\/wp-content\/uploads\/2023\/03\/Portugal-GP-3-1536x691.jpeg 1536w, https:\/\/somosdelprieto.com\/wp-content\/uploads\/2023\/03\/Portugal-GP-3.jpeg 2000w\" sizes=\"auto, (max-width: 767px) 89vw, (max-width: 1000px) 54vw, (max-width: 1071px) 543px, 580px\" \/><\/figure><\/li><\/ul><\/figure>\n","protected":false},"excerpt":{"rendered":"<p>Nuestro centro acogi\u00f3 la semana pasada a un grupo de estudiantes portugueses, del peque\u00f1o municipio de Ma\u00e7\u00e3o, en el marco de un programa de intercambio educativo Erasmus. Durante toda la semana, los alumnos del centro manchego y los visitantes tuvieron la oportunidad de participar en diversas actividades en las que han aprendido y colaborado juntos. &hellip; <\/p>\n<p class=\"link-more\"><a href=\"https:\/\/somosdelprieto.com\/index.php\/2023\/03\/06\/estudiantes-portugueses-y-espanoles-se-unen-en-una-semana-de-aprendizaje-intercultural-en-el-ies-gregorio-prieto\/\" class=\"more-link\">Continuar leyendo<span class=\"screen-reader-text\"> \u00abEstudiantes portugueses y espa\u00f1oles se unen en una semana de aprendizaje intercultural en el IES Gregorio Prieto\u00bb<\/span><\/a><\/p>\n","protected":false},"author":64,"featured_media":14022,"comment_status":"closed","ping_status":"closed","sticky":false,"template":"","format":"standard","meta":{"footnotes":""},"categories":[8,33,1,43],"tags":[],"class_list":["post-14012","post","type-post","status-publish","format-standard","has-post-thumbnail","hentry","category-comercio","category-hosteleria-y-turismo","category-noticias","category-transporte-y-mantenimiento-de-vehiculos"],"_links":{"self":[{"href":"https:\/\/somosdelprieto.com\/index.php\/wp-json\/wp\/v2\/posts\/14012","targetHints":{"allow":["GET"]}}],"collection":[{"href":"https:\/\/somosdelprieto.com\/index.php\/wp-json\/wp\/v2\/posts"}],"about":[{"href":"https:\/\/somosdelprieto.com\/index.php\/wp-json\/wp\/v2\/types\/post"}],"author":[{"embeddable":true,"href":"https:\/\/somosdelprieto.com\/index.php\/wp-json\/wp\/v2\/users\/64"}],"replies":[{"embeddable":true,"href":"https:\/\/somosdelprieto.com\/index.php\/wp-json\/wp\/v2\/comments?post=14012"}],"version-history":[{"count":3,"href":"https:\/\/somosdelprieto.com\/index.php\/wp-json\/wp\/v2\/posts\/14012\/revisions"}],"predecessor-version":[{"id":14092,"href":"https:\/\/somosdelprieto.com\/index.php\/wp-json\/wp\/v2\/posts\/14012\/revisions\/14092"}],"wp:featuredmedia":[{"embeddable":true,"href":"https:\/\/somosdelprieto.com\/index.php\/wp-json\/wp\/v2\/media\/14022"}],"wp:attachment":[{"href":"https:\/\/somosdelprieto.com\/index.php\/wp-json\/wp\/v2\/media?parent=14012"}],"wp:term":[{"taxonomy":"category","embeddable":true,"href":"https:\/\/somosdelprieto.com\/index.php\/wp-json\/wp\/v2\/categories?post=14012"},{"taxonomy":"post_tag","embeddable":true,"href":"https:\/\/somosdelprieto.com\/index.php\/wp-json\/wp\/v2\/tags?post=14012"}],"curies":[{"name":"wp","href":"https:\/\/api.w.org\/{rel}","templated":true}]}}