{"id":13986,"date":"2023-03-03T10:53:56","date_gmt":"2023-03-03T09:53:56","guid":{"rendered":"https:\/\/somosdelprieto.com\/?p=13986"},"modified":"2023-03-03T10:56:44","modified_gmt":"2023-03-03T09:56:44","slug":"ayanta-barilli-finalista-del-premio-planeta-visitara-a-los-alumnos-de-2o-de-bachillerato","status":"publish","type":"post","link":"https:\/\/somosdelprieto.com\/index.php\/2023\/03\/03\/ayanta-barilli-finalista-del-premio-planeta-visitara-a-los-alumnos-de-2o-de-bachillerato\/","title":{"rendered":"Ayanta Barilli, finalista del Premio Planeta, visitar\u00e1 al alumnado de 2\u00ba de Bachillerato"},"content":{"rendered":"\n<p>Los estudiantes de 2\u00ba de Bachillerato tendr\u00e1n la oportunidad de conocer a la reconocida periodista y escritora Ayanta Barilli, finalista del Premio Planeta en 2018, en un encuentro literario a media ma\u00f1ana el pr\u00f3ximo 23 de marzo en la biblioteca. Adem\u00e1s, se est\u00e1 considerando la posibilidad de tener una charla distendida con ella en la cafeter\u00eda del ciclo formativo de Restauraci\u00f3n despu\u00e9s de la actividad. <\/p>\n\n\n\n<figure class=\"wp-block-image size-large\"><img loading=\"lazy\" decoding=\"async\" width=\"1024\" height=\"1024\" src=\"https:\/\/somosdelprieto.com\/wp-content\/uploads\/2023\/03\/CARTEL-premio-planeta-1024x1024.png\" alt=\"\" class=\"wp-image-13987\" srcset=\"https:\/\/somosdelprieto.com\/wp-content\/uploads\/2023\/03\/CARTEL-premio-planeta-1024x1024.png 1024w, https:\/\/somosdelprieto.com\/wp-content\/uploads\/2023\/03\/CARTEL-premio-planeta-300x300.png 300w, https:\/\/somosdelprieto.com\/wp-content\/uploads\/2023\/03\/CARTEL-premio-planeta-150x150.png 150w, https:\/\/somosdelprieto.com\/wp-content\/uploads\/2023\/03\/CARTEL-premio-planeta-768x768.png 768w, https:\/\/somosdelprieto.com\/wp-content\/uploads\/2023\/03\/CARTEL-premio-planeta-100x100.png 100w, https:\/\/somosdelprieto.com\/wp-content\/uploads\/2023\/03\/CARTEL-premio-planeta.png 1080w\" sizes=\"auto, (max-width: 767px) 89vw, (max-width: 1000px) 54vw, (max-width: 1071px) 543px, 580px\" \/><\/figure>\n\n\n\n<p>La actividad, organizada por el Ministerio de Cultura y Deporte y la Direcci\u00f3n General del Libro y Fomento de la Lectura, est\u00e1 abierta solo para estudiantes y no incluye encuentros con familias o antiguos alumnos. Los interesados en asistir a la charla en la cafeter\u00eda deben comunicarlo por correo electr\u00f3nico al profesorado de Lengua para poder organizar el horario.\u00a0<\/p>\n","protected":false},"excerpt":{"rendered":"<p>Los estudiantes de 2\u00ba de Bachillerato tendr\u00e1n la oportunidad de conocer a la reconocida periodista y escritora Ayanta Barilli, finalista del Premio Planeta en 2018, en un encuentro literario a media ma\u00f1ana el pr\u00f3ximo 23 de marzo en la biblioteca. Adem\u00e1s, se est\u00e1 considerando la posibilidad de tener una charla distendida con ella en la &hellip; <\/p>\n<p class=\"link-more\"><a href=\"https:\/\/somosdelprieto.com\/index.php\/2023\/03\/03\/ayanta-barilli-finalista-del-premio-planeta-visitara-a-los-alumnos-de-2o-de-bachillerato\/\" class=\"more-link\">Continuar leyendo<span class=\"screen-reader-text\"> \u00abAyanta Barilli, finalista del Premio Planeta, visitar\u00e1 al alumnado de 2\u00ba de Bachillerato\u00bb<\/span><\/a><\/p>\n","protected":false},"author":64,"featured_media":13987,"comment_status":"closed","ping_status":"closed","sticky":false,"template":"","format":"standard","meta":{"footnotes":""},"categories":[1],"tags":[],"class_list":["post-13986","post","type-post","status-publish","format-standard","has-post-thumbnail","hentry","category-noticias"],"_links":{"self":[{"href":"https:\/\/somosdelprieto.com\/index.php\/wp-json\/wp\/v2\/posts\/13986","targetHints":{"allow":["GET"]}}],"collection":[{"href":"https:\/\/somosdelprieto.com\/index.php\/wp-json\/wp\/v2\/posts"}],"about":[{"href":"https:\/\/somosdelprieto.com\/index.php\/wp-json\/wp\/v2\/types\/post"}],"author":[{"embeddable":true,"href":"https:\/\/somosdelprieto.com\/index.php\/wp-json\/wp\/v2\/users\/64"}],"replies":[{"embeddable":true,"href":"https:\/\/somosdelprieto.com\/index.php\/wp-json\/wp\/v2\/comments?post=13986"}],"version-history":[{"count":2,"href":"https:\/\/somosdelprieto.com\/index.php\/wp-json\/wp\/v2\/posts\/13986\/revisions"}],"predecessor-version":[{"id":13989,"href":"https:\/\/somosdelprieto.com\/index.php\/wp-json\/wp\/v2\/posts\/13986\/revisions\/13989"}],"wp:featuredmedia":[{"embeddable":true,"href":"https:\/\/somosdelprieto.com\/index.php\/wp-json\/wp\/v2\/media\/13987"}],"wp:attachment":[{"href":"https:\/\/somosdelprieto.com\/index.php\/wp-json\/wp\/v2\/media?parent=13986"}],"wp:term":[{"taxonomy":"category","embeddable":true,"href":"https:\/\/somosdelprieto.com\/index.php\/wp-json\/wp\/v2\/categories?post=13986"},{"taxonomy":"post_tag","embeddable":true,"href":"https:\/\/somosdelprieto.com\/index.php\/wp-json\/wp\/v2\/tags?post=13986"}],"curies":[{"name":"wp","href":"https:\/\/api.w.org\/{rel}","templated":true}]}}