{"id":13980,"date":"2023-03-02T19:00:21","date_gmt":"2023-03-02T18:00:21","guid":{"rendered":"https:\/\/somosdelprieto.com\/?p=13980"},"modified":"2023-03-02T19:00:21","modified_gmt":"2023-03-02T18:00:21","slug":"presentamos-el-proyecto-innovador-de-kart-propulsado-por-energias-renovables-en-el-iii-congreso-regional-de-fp","status":"publish","type":"post","link":"https:\/\/somosdelprieto.com\/index.php\/2023\/03\/02\/presentamos-el-proyecto-innovador-de-kart-propulsado-por-energias-renovables-en-el-iii-congreso-regional-de-fp\/","title":{"rendered":"Presentamos el proyecto innovador de kart propulsado por energ\u00edas renovables en el III Congreso Regional de FP"},"content":{"rendered":"\n<p>El Instituto IES Gregorio Prieto ha tenido el honor de participar en el III Congreso Regional de FP, inaugurado por la Ministra de Educaci\u00f3n, Pilar Alegr\u00eda, presentando el proyecto \u00abManufactura a Kart with Alternative Energies\u00bb. Este proyecto ha sido desarrollado por un equipo de estudiantes y profesores del instituto en el marco del programa Erasmus+.<\/p>\n\n\n\n<figure class=\"wp-block-gallery columns-1 is-cropped wp-block-gallery-1 is-layout-flex wp-block-gallery-is-layout-flex\"><ul class=\"blocks-gallery-grid\"><li class=\"blocks-gallery-item\"><figure><img loading=\"lazy\" decoding=\"async\" width=\"1024\" height=\"576\" src=\"https:\/\/somosdelprieto.com\/wp-content\/uploads\/2023\/03\/III-Congreso-FP-1024x576.jpeg\" alt=\"\" data-id=\"13981\" data-full-url=\"https:\/\/somosdelprieto.com\/wp-content\/uploads\/2023\/03\/III-Congreso-FP.jpeg\" data-link=\"https:\/\/somosdelprieto.com\/?attachment_id=13981\" class=\"wp-image-13981\" srcset=\"https:\/\/somosdelprieto.com\/wp-content\/uploads\/2023\/03\/III-Congreso-FP-1024x576.jpeg 1024w, https:\/\/somosdelprieto.com\/wp-content\/uploads\/2023\/03\/III-Congreso-FP-300x169.jpeg 300w, https:\/\/somosdelprieto.com\/wp-content\/uploads\/2023\/03\/III-Congreso-FP-768x432.jpeg 768w, https:\/\/somosdelprieto.com\/wp-content\/uploads\/2023\/03\/III-Congreso-FP-1536x864.jpeg 1536w, https:\/\/somosdelprieto.com\/wp-content\/uploads\/2023\/03\/III-Congreso-FP.jpeg 1920w\" sizes=\"auto, (max-width: 767px) 89vw, (max-width: 1000px) 54vw, (max-width: 1071px) 543px, 580px\" \/><\/figure><\/li><\/ul><\/figure>\n\n\n\n<p>El proyecto \u00abManufactura a Kart with Alternative Energies\u00bb tiene como objetivo fomentar la innovaci\u00f3n y el uso de energ\u00edas alternativas en el sector de la automoci\u00f3n. Para ello, los estudiantes han dise\u00f1ado y fabricado un kart propulsado por energ\u00edas renovables, como la solar y la e\u00f3lica. Adem\u00e1s, se ha prestado especial atenci\u00f3n a la sostenibilidad y el cuidado del medio ambiente durante todo el proceso de fabricaci\u00f3n.<\/p>\n\n\n\n<figure class=\"wp-block-image size-large\"><img loading=\"lazy\" decoding=\"async\" width=\"1024\" height=\"461\" src=\"https:\/\/somosdelprieto.com\/wp-content\/uploads\/2023\/03\/III_I-Congreso-FP-1024x461.jpeg\" alt=\"\" class=\"wp-image-13982\" srcset=\"https:\/\/somosdelprieto.com\/wp-content\/uploads\/2023\/03\/III_I-Congreso-FP-1024x461.jpeg 1024w, https:\/\/somosdelprieto.com\/wp-content\/uploads\/2023\/03\/III_I-Congreso-FP-300x135.jpeg 300w, https:\/\/somosdelprieto.com\/wp-content\/uploads\/2023\/03\/III_I-Congreso-FP-768x346.jpeg 768w, https:\/\/somosdelprieto.com\/wp-content\/uploads\/2023\/03\/III_I-Congreso-FP-1536x691.jpeg 1536w, https:\/\/somosdelprieto.com\/wp-content\/uploads\/2023\/03\/III_I-Congreso-FP.jpeg 2000w\" sizes=\"auto, (max-width: 767px) 89vw, (max-width: 1000px) 54vw, (max-width: 1071px) 543px, 580px\" \/><\/figure>\n\n\n\n<figure class=\"wp-block-gallery columns-1 is-cropped wp-block-gallery-2 is-layout-flex wp-block-gallery-is-layout-flex\"><ul class=\"blocks-gallery-grid\"><li class=\"blocks-gallery-item\"><figure><img loading=\"lazy\" decoding=\"async\" width=\"1024\" height=\"461\" src=\"https:\/\/somosdelprieto.com\/wp-content\/uploads\/2023\/03\/III_Congreso-FP-1024x461.jpeg\" alt=\"\" data-id=\"13983\" data-full-url=\"https:\/\/somosdelprieto.com\/wp-content\/uploads\/2023\/03\/III_Congreso-FP.jpeg\" data-link=\"https:\/\/somosdelprieto.com\/?attachment_id=13983\" class=\"wp-image-13983\" srcset=\"https:\/\/somosdelprieto.com\/wp-content\/uploads\/2023\/03\/III_Congreso-FP-1024x461.jpeg 1024w, https:\/\/somosdelprieto.com\/wp-content\/uploads\/2023\/03\/III_Congreso-FP-300x135.jpeg 300w, https:\/\/somosdelprieto.com\/wp-content\/uploads\/2023\/03\/III_Congreso-FP-768x346.jpeg 768w, https:\/\/somosdelprieto.com\/wp-content\/uploads\/2023\/03\/III_Congreso-FP-1536x691.jpeg 1536w, https:\/\/somosdelprieto.com\/wp-content\/uploads\/2023\/03\/III_Congreso-FP.jpeg 2000w\" sizes=\"auto, (max-width: 767px) 89vw, (max-width: 1000px) 54vw, (max-width: 1071px) 543px, 580px\" \/><\/figure><\/li><\/ul><\/figure>\n\n\n\n<p>La presentaci\u00f3n del proyecto en el III Congreso Regional de FP ha sido todo un \u00e9xito, destacando la originalidad y el enfoque innovador del proyecto. Desde el instituto nos sentimos muy orgullosos del trabajo realizado por nuestros estudiantes y profesores, y seguiremos trabajando en proyectos de este tipo para fomentar la formaci\u00f3n y la innovaci\u00f3n en el sector de la automoci\u00f3n.<\/p>\n","protected":false},"excerpt":{"rendered":"<p>El Instituto IES Gregorio Prieto ha tenido el honor de participar en el III Congreso Regional de FP, inaugurado por la Ministra de Educaci\u00f3n, Pilar Alegr\u00eda, presentando el proyecto \u00abManufactura a Kart with Alternative Energies\u00bb. Este proyecto ha sido desarrollado por un equipo de estudiantes y profesores del instituto en el marco del programa Erasmus+. &hellip; <\/p>\n<p class=\"link-more\"><a href=\"https:\/\/somosdelprieto.com\/index.php\/2023\/03\/02\/presentamos-el-proyecto-innovador-de-kart-propulsado-por-energias-renovables-en-el-iii-congreso-regional-de-fp\/\" class=\"more-link\">Continuar leyendo<span class=\"screen-reader-text\"> \u00abPresentamos el proyecto innovador de kart propulsado por energ\u00edas renovables en el III Congreso Regional de FP\u00bb<\/span><\/a><\/p>\n","protected":false},"author":64,"featured_media":13981,"comment_status":"closed","ping_status":"closed","sticky":false,"template":"","format":"standard","meta":{"footnotes":""},"categories":[1],"tags":[],"class_list":["post-13980","post","type-post","status-publish","format-standard","has-post-thumbnail","hentry","category-noticias"],"_links":{"self":[{"href":"https:\/\/somosdelprieto.com\/index.php\/wp-json\/wp\/v2\/posts\/13980","targetHints":{"allow":["GET"]}}],"collection":[{"href":"https:\/\/somosdelprieto.com\/index.php\/wp-json\/wp\/v2\/posts"}],"about":[{"href":"https:\/\/somosdelprieto.com\/index.php\/wp-json\/wp\/v2\/types\/post"}],"author":[{"embeddable":true,"href":"https:\/\/somosdelprieto.com\/index.php\/wp-json\/wp\/v2\/users\/64"}],"replies":[{"embeddable":true,"href":"https:\/\/somosdelprieto.com\/index.php\/wp-json\/wp\/v2\/comments?post=13980"}],"version-history":[{"count":1,"href":"https:\/\/somosdelprieto.com\/index.php\/wp-json\/wp\/v2\/posts\/13980\/revisions"}],"predecessor-version":[{"id":13984,"href":"https:\/\/somosdelprieto.com\/index.php\/wp-json\/wp\/v2\/posts\/13980\/revisions\/13984"}],"wp:featuredmedia":[{"embeddable":true,"href":"https:\/\/somosdelprieto.com\/index.php\/wp-json\/wp\/v2\/media\/13981"}],"wp:attachment":[{"href":"https:\/\/somosdelprieto.com\/index.php\/wp-json\/wp\/v2\/media?parent=13980"}],"wp:term":[{"taxonomy":"category","embeddable":true,"href":"https:\/\/somosdelprieto.com\/index.php\/wp-json\/wp\/v2\/categories?post=13980"},{"taxonomy":"post_tag","embeddable":true,"href":"https:\/\/somosdelprieto.com\/index.php\/wp-json\/wp\/v2\/tags?post=13980"}],"curies":[{"name":"wp","href":"https:\/\/api.w.org\/{rel}","templated":true}]}}