{"id":13871,"date":"2023-02-23T09:00:00","date_gmt":"2023-02-23T08:00:00","guid":{"rendered":"https:\/\/somosdelprieto.com\/?p=13871"},"modified":"2023-02-22T14:22:23","modified_gmt":"2023-02-22T13:22:23","slug":"ultimos-dias-para-solicitar-la-admision-en-eso-y-bachillerato","status":"publish","type":"post","link":"https:\/\/somosdelprieto.com\/index.php\/2023\/02\/23\/ultimos-dias-para-solicitar-la-admision-en-eso-y-bachillerato\/","title":{"rendered":"\u00a1\u00a1\u00daLTIMOS D\u00cdAS PARA SOLICITAR LA ADMISI\u00d3N EN ESO Y BACHILLERATO!!"},"content":{"rendered":"\n<p>Os recordamos que el martes <strong>28 de febrero<\/strong> es el <strong>\u00faltimo d\u00eda<\/strong> para solicitar la admisi\u00f3n en las ense\u00f1anzas de Educaci\u00f3n Secundaria Obligatoria y Bachillerato. <\/p>\n\n\n\n<p>Esta solicitud debe hacerla:<\/p>\n\n\n\n<ul class=\"wp-block-list\"><li>Alumnado\u00a0<strong>no escolarizado<\/strong>\u00a0con anterioridad\u00a0<strong>en ning\u00fan centro de la Regi\u00f3n<\/strong>.<\/li><li>Alumnado que solicita matricularse\u00a0<strong>en 1\u00ba de la ESO<\/strong>.<\/li><li>Alumnado que solicita un puesto escolar\u00a0<strong>por traslado desde otro centro<\/strong>.<\/li><li>Alumnado que solicita matricularse\u00a0<strong>en 1\u00ba de BACHILLERATO<\/strong>.<\/li><li>Alumnado que promociona a\u00a0<strong>2\u00ba de Bachillerato<\/strong>\u00a0y desea\u00a0<strong>cambiar<\/strong>\u00a0<strong>de centro<\/strong>.<\/li><\/ul>\n\n\n\n<p><\/p>\n","protected":false},"excerpt":{"rendered":"<p>Os recordamos que el martes 28 de febrero es el \u00faltimo d\u00eda para solicitar la admisi\u00f3n en las ense\u00f1anzas de Educaci\u00f3n Secundaria Obligatoria y Bachillerato. Esta solicitud debe hacerla: Alumnado\u00a0no escolarizado\u00a0con anterioridad\u00a0en ning\u00fan centro de la Regi\u00f3n. Alumnado que solicita matricularse\u00a0en 1\u00ba de la ESO. Alumnado que solicita un puesto escolar\u00a0por traslado desde otro centro. &hellip; <\/p>\n<p class=\"link-more\"><a href=\"https:\/\/somosdelprieto.com\/index.php\/2023\/02\/23\/ultimos-dias-para-solicitar-la-admision-en-eso-y-bachillerato\/\" class=\"more-link\">Continuar leyendo<span class=\"screen-reader-text\"> \u00ab\u00a1\u00a1\u00daLTIMOS D\u00cdAS PARA SOLICITAR LA ADMISI\u00d3N EN ESO Y BACHILLERATO!!\u00bb<\/span><\/a><\/p>\n","protected":false},"author":53,"featured_media":13872,"comment_status":"closed","ping_status":"closed","sticky":false,"template":"","format":"quote","meta":{"footnotes":""},"categories":[1,47],"tags":[],"class_list":["post-13871","post","type-post","status-publish","format-quote","has-post-thumbnail","hentry","category-noticias","category-secretaria","post_format-post-format-quote"],"_links":{"self":[{"href":"https:\/\/somosdelprieto.com\/index.php\/wp-json\/wp\/v2\/posts\/13871","targetHints":{"allow":["GET"]}}],"collection":[{"href":"https:\/\/somosdelprieto.com\/index.php\/wp-json\/wp\/v2\/posts"}],"about":[{"href":"https:\/\/somosdelprieto.com\/index.php\/wp-json\/wp\/v2\/types\/post"}],"author":[{"embeddable":true,"href":"https:\/\/somosdelprieto.com\/index.php\/wp-json\/wp\/v2\/users\/53"}],"replies":[{"embeddable":true,"href":"https:\/\/somosdelprieto.com\/index.php\/wp-json\/wp\/v2\/comments?post=13871"}],"version-history":[{"count":1,"href":"https:\/\/somosdelprieto.com\/index.php\/wp-json\/wp\/v2\/posts\/13871\/revisions"}],"predecessor-version":[{"id":13873,"href":"https:\/\/somosdelprieto.com\/index.php\/wp-json\/wp\/v2\/posts\/13871\/revisions\/13873"}],"wp:featuredmedia":[{"embeddable":true,"href":"https:\/\/somosdelprieto.com\/index.php\/wp-json\/wp\/v2\/media\/13872"}],"wp:attachment":[{"href":"https:\/\/somosdelprieto.com\/index.php\/wp-json\/wp\/v2\/media?parent=13871"}],"wp:term":[{"taxonomy":"category","embeddable":true,"href":"https:\/\/somosdelprieto.com\/index.php\/wp-json\/wp\/v2\/categories?post=13871"},{"taxonomy":"post_tag","embeddable":true,"href":"https:\/\/somosdelprieto.com\/index.php\/wp-json\/wp\/v2\/tags?post=13871"}],"curies":[{"name":"wp","href":"https:\/\/api.w.org\/{rel}","templated":true}]}}