{"id":13646,"date":"2023-01-30T10:28:44","date_gmt":"2023-01-30T09:28:44","guid":{"rendered":"https:\/\/somosdelprieto.com\/?p=13646"},"modified":"2023-01-30T10:36:18","modified_gmt":"2023-01-30T09:36:18","slug":"gran-afluencia-e-interes-de-las-familias-en-nuestra-jornada-de-puertas-abiertas-dirigida-a-eso-y-bachillerato","status":"publish","type":"post","link":"https:\/\/somosdelprieto.com\/index.php\/2023\/01\/30\/gran-afluencia-e-interes-de-las-familias-en-nuestra-jornada-de-puertas-abiertas-dirigida-a-eso-y-bachillerato\/","title":{"rendered":"GRAN AFLUENCIA E INTER\u00c9S DE LAS FAMILIAS EN NUESTRA JORNADA DE PUERTAS ABIERTAS DIRIGIDA A ESO Y BACHILLERATO"},"content":{"rendered":"\n<p>El s\u00e1bado 28 de enero de 2023, a pesar de las bajas temperaturas, fueron muchas las familias que nos acompa\u00f1aron y que tuvieron la oportunidad de conocer nuestras instalaciones y nuestra forma de trabajar.<\/p>\n\n\n\n<p>Tras el desayuno ofrecido por el AMPA de nuestro centro, las familias visitaron el aula de m\u00fasica, el aula del futuro, el aula ATECA, nuestra biblioteca 3.0, el aula de emprendimiento y las aulas de 1\u00ba de ESO.<\/p>\n\n\n\n<p>Mucho fue el inter\u00e9s que suscitaron los proyectos en los que estamos inmersos y ninguna de las preguntas y dudas de los padres, madres y futuros alumnos\/as quedaron sin contestar.<\/p>\n\n\n\n<p>Gran satisfacci\u00f3n por el trabajo realizado. Misi\u00f3n cumplida<\/p>\n\n\n\n<p>Recordamos que el plazo de admisi\u00f3n se extender\u00e1 del 6 al 28 de febrero. Toda la informaci\u00f3n relativa a este proceso la tienen en el siguiente enlace:<\/p>\n\n\n\n<figure class=\"wp-block-embed is-type-wp-embed is-provider-ies-gregorio-prieto wp-block-embed-ies-gregorio-prieto\"><div class=\"wp-block-embed__wrapper\">\n<blockquote class=\"wp-embedded-content\" data-secret=\"TILBO2LNlU\"><a href=\"https:\/\/somosdelprieto.com\/index.php\/secretaria\/e-s-o\/\">E.S.O.<\/a><\/blockquote><iframe loading=\"lazy\" class=\"wp-embedded-content\" sandbox=\"allow-scripts\" security=\"restricted\" style=\"position: absolute; clip: rect(1px, 1px, 1px, 1px);\" title=\"\u00abE.S.O.\u00bb \u2014 IES Gregorio Prieto\" src=\"https:\/\/somosdelprieto.com\/index.php\/secretaria\/e-s-o\/embed\/#?secret=FIlGafKHyn#?secret=TILBO2LNlU\" data-secret=\"TILBO2LNlU\" width=\"525\" height=\"296\" frameborder=\"0\" marginwidth=\"0\" marginheight=\"0\" scrolling=\"no\"><\/iframe>\n<\/div><\/figure>\n\n\n\n<div class=\"wp-block-group\"><div class=\"wp-block-group__inner-container is-layout-flow wp-block-group-is-layout-flow\">\n<figure class=\"wp-block-gallery columns-3 is-cropped wp-block-gallery-1 is-layout-flex wp-block-gallery-is-layout-flex\"><ul class=\"blocks-gallery-grid\"><li class=\"blocks-gallery-item\"><figure><img loading=\"lazy\" decoding=\"async\" width=\"1024\" height=\"461\" src=\"https:\/\/somosdelprieto.com\/wp-content\/uploads\/2023\/01\/AULA-DE-EMPRENDIMIENTO-1024x461.jpg\" alt=\"\" data-id=\"13648\" data-full-url=\"https:\/\/somosdelprieto.com\/wp-content\/uploads\/2023\/01\/AULA-DE-EMPRENDIMIENTO.jpg\" data-link=\"https:\/\/somosdelprieto.com\/?attachment_id=13648\" class=\"wp-image-13648\" srcset=\"https:\/\/somosdelprieto.com\/wp-content\/uploads\/2023\/01\/AULA-DE-EMPRENDIMIENTO-1024x461.jpg 1024w, https:\/\/somosdelprieto.com\/wp-content\/uploads\/2023\/01\/AULA-DE-EMPRENDIMIENTO-300x135.jpg 300w, https:\/\/somosdelprieto.com\/wp-content\/uploads\/2023\/01\/AULA-DE-EMPRENDIMIENTO-768x346.jpg 768w, https:\/\/somosdelprieto.com\/wp-content\/uploads\/2023\/01\/AULA-DE-EMPRENDIMIENTO-1536x691.jpg 1536w, https:\/\/somosdelprieto.com\/wp-content\/uploads\/2023\/01\/AULA-DE-EMPRENDIMIENTO.jpg 2000w\" sizes=\"auto, (max-width: 767px) 89vw, (max-width: 1000px) 54vw, (max-width: 1071px) 543px, 580px\" \/><\/figure><\/li><li class=\"blocks-gallery-item\"><figure><img loading=\"lazy\" decoding=\"async\" width=\"1024\" height=\"462\" src=\"https:\/\/somosdelprieto.com\/wp-content\/uploads\/2023\/01\/AULA-ATECA-1024x462.jpg\" alt=\"\" data-id=\"13649\" data-full-url=\"https:\/\/somosdelprieto.com\/wp-content\/uploads\/2023\/01\/AULA-ATECA.jpg\" data-link=\"https:\/\/somosdelprieto.com\/?attachment_id=13649\" class=\"wp-image-13649\" srcset=\"https:\/\/somosdelprieto.com\/wp-content\/uploads\/2023\/01\/AULA-ATECA-1024x462.jpg 1024w, https:\/\/somosdelprieto.com\/wp-content\/uploads\/2023\/01\/AULA-ATECA-300x135.jpg 300w, https:\/\/somosdelprieto.com\/wp-content\/uploads\/2023\/01\/AULA-ATECA-768x346.jpg 768w, https:\/\/somosdelprieto.com\/wp-content\/uploads\/2023\/01\/AULA-ATECA-1536x692.jpg 1536w, https:\/\/somosdelprieto.com\/wp-content\/uploads\/2023\/01\/AULA-ATECA.jpg 2048w\" sizes=\"auto, (max-width: 767px) 89vw, (max-width: 1000px) 54vw, (max-width: 1071px) 543px, 580px\" \/><\/figure><\/li><li class=\"blocks-gallery-item\"><figure><img loading=\"lazy\" decoding=\"async\" width=\"1024\" height=\"461\" src=\"https:\/\/somosdelprieto.com\/wp-content\/uploads\/2023\/01\/BIBLIOTECA-1024x461.jpg\" alt=\"\" data-id=\"13650\" data-full-url=\"https:\/\/somosdelprieto.com\/wp-content\/uploads\/2023\/01\/BIBLIOTECA.jpg\" data-link=\"https:\/\/somosdelprieto.com\/?attachment_id=13650\" class=\"wp-image-13650\" srcset=\"https:\/\/somosdelprieto.com\/wp-content\/uploads\/2023\/01\/BIBLIOTECA-1024x461.jpg 1024w, https:\/\/somosdelprieto.com\/wp-content\/uploads\/2023\/01\/BIBLIOTECA-300x135.jpg 300w, https:\/\/somosdelprieto.com\/wp-content\/uploads\/2023\/01\/BIBLIOTECA-768x346.jpg 768w, https:\/\/somosdelprieto.com\/wp-content\/uploads\/2023\/01\/BIBLIOTECA-1536x691.jpg 1536w, https:\/\/somosdelprieto.com\/wp-content\/uploads\/2023\/01\/BIBLIOTECA.jpg 2000w\" sizes=\"auto, (max-width: 767px) 89vw, (max-width: 1000px) 54vw, (max-width: 1071px) 543px, 580px\" \/><\/figure><\/li><li class=\"blocks-gallery-item\"><figure><img loading=\"lazy\" decoding=\"async\" width=\"1024\" height=\"462\" src=\"https:\/\/somosdelprieto.com\/wp-content\/uploads\/2023\/01\/AULA-DEL-FUTURO-1-1024x462.jpeg\" alt=\"\" data-id=\"13651\" data-full-url=\"https:\/\/somosdelprieto.com\/wp-content\/uploads\/2023\/01\/AULA-DEL-FUTURO-1.jpeg\" data-link=\"https:\/\/somosdelprieto.com\/?attachment_id=13651\" class=\"wp-image-13651\" srcset=\"https:\/\/somosdelprieto.com\/wp-content\/uploads\/2023\/01\/AULA-DEL-FUTURO-1-1024x462.jpeg 1024w, https:\/\/somosdelprieto.com\/wp-content\/uploads\/2023\/01\/AULA-DEL-FUTURO-1-300x135.jpeg 300w, https:\/\/somosdelprieto.com\/wp-content\/uploads\/2023\/01\/AULA-DEL-FUTURO-1-768x346.jpeg 768w, https:\/\/somosdelprieto.com\/wp-content\/uploads\/2023\/01\/AULA-DEL-FUTURO-1-1536x692.jpeg 1536w, https:\/\/somosdelprieto.com\/wp-content\/uploads\/2023\/01\/AULA-DEL-FUTURO-1.jpeg 2048w\" sizes=\"auto, (max-width: 767px) 89vw, (max-width: 1000px) 54vw, (max-width: 1071px) 543px, 580px\" \/><\/figure><\/li><li class=\"blocks-gallery-item\"><figure><img loading=\"lazy\" decoding=\"async\" width=\"1024\" height=\"457\" src=\"https:\/\/somosdelprieto.com\/wp-content\/uploads\/2023\/01\/AULA-DE-1o-ESO-1024x457.jpeg\" alt=\"\" data-id=\"13652\" data-full-url=\"https:\/\/somosdelprieto.com\/wp-content\/uploads\/2023\/01\/AULA-DE-1o-ESO.jpeg\" data-link=\"https:\/\/somosdelprieto.com\/?attachment_id=13652\" class=\"wp-image-13652\" srcset=\"https:\/\/somosdelprieto.com\/wp-content\/uploads\/2023\/01\/AULA-DE-1o-ESO-1024x457.jpeg 1024w, https:\/\/somosdelprieto.com\/wp-content\/uploads\/2023\/01\/AULA-DE-1o-ESO-300x134.jpeg 300w, https:\/\/somosdelprieto.com\/wp-content\/uploads\/2023\/01\/AULA-DE-1o-ESO-768x343.jpeg 768w, https:\/\/somosdelprieto.com\/wp-content\/uploads\/2023\/01\/AULA-DE-1o-ESO-1536x686.jpeg 1536w, https:\/\/somosdelprieto.com\/wp-content\/uploads\/2023\/01\/AULA-DE-1o-ESO.jpeg 1836w\" sizes=\"auto, (max-width: 767px) 89vw, (max-width: 1000px) 54vw, (max-width: 1071px) 543px, 580px\" \/><\/figure><\/li><li class=\"blocks-gallery-item\"><figure><img loading=\"lazy\" decoding=\"async\" width=\"1024\" height=\"462\" src=\"https:\/\/somosdelprieto.com\/wp-content\/uploads\/2023\/01\/MUSICA-1024x462.jpeg\" alt=\"\" data-id=\"13653\" data-full-url=\"https:\/\/somosdelprieto.com\/wp-content\/uploads\/2023\/01\/MUSICA.jpeg\" data-link=\"https:\/\/somosdelprieto.com\/?attachment_id=13653\" class=\"wp-image-13653\" srcset=\"https:\/\/somosdelprieto.com\/wp-content\/uploads\/2023\/01\/MUSICA-1024x462.jpeg 1024w, https:\/\/somosdelprieto.com\/wp-content\/uploads\/2023\/01\/MUSICA-300x135.jpeg 300w, https:\/\/somosdelprieto.com\/wp-content\/uploads\/2023\/01\/MUSICA-768x346.jpeg 768w, https:\/\/somosdelprieto.com\/wp-content\/uploads\/2023\/01\/MUSICA-1536x692.jpeg 1536w, https:\/\/somosdelprieto.com\/wp-content\/uploads\/2023\/01\/MUSICA.jpeg 2048w\" sizes=\"auto, (max-width: 767px) 89vw, (max-width: 1000px) 54vw, (max-width: 1071px) 543px, 580px\" \/><\/figure><\/li><\/ul><\/figure>\n<\/div><\/div>\n\n\n\n<p><\/p>\n\n\n\n<p>El equipo directivo del IES Gregorio Prieto quiere agradecer su implicaci\u00f3n en estas jornadas de puertas abiertas a:<\/p>\n\n\n\n<ul class=\"wp-block-list\"><li>El AMPA de nuestro centro<\/li><li>Los\/las docentes: Alfonsa Pliego, M\u00aa \u00c1ngeles Gonz\u00e1lez, Ana Rosa Antequera, Pedro Miguel Molero, Estrella G\u00f3mez, Nuria Rufi\u00e1n, Sergio Pedrera, Pilar S\u00e1nchez y Manuel Jos\u00e9 Abaldea<\/li><li>Los alumnos\/as: Abel Fern\u00e1ndez , Claudia Cantero , Elisabeth Victoria Huertas , Ainhoa Salinas , Rub\u00e9n C\u00e1mara, Aitana Alcaide, Miguel Garc\u00eda, Juan Ruiz<\/li><li>Diana Moslemi y \u00c1lvaro M\u00e1rquez (antiguos alumnos que han querido colaborar en la jornada).<\/li><\/ul>\n","protected":false},"excerpt":{"rendered":"<p>El s\u00e1bado 28 de enero de 2023, a pesar de las bajas temperaturas, fueron muchas las familias que nos acompa\u00f1aron y que tuvieron la oportunidad de conocer nuestras instalaciones y nuestra forma de trabajar. Tras el desayuno ofrecido por el AMPA de nuestro centro, las familias visitaron el aula de m\u00fasica, el aula del futuro, &hellip; <\/p>\n<p class=\"link-more\"><a href=\"https:\/\/somosdelprieto.com\/index.php\/2023\/01\/30\/gran-afluencia-e-interes-de-las-familias-en-nuestra-jornada-de-puertas-abiertas-dirigida-a-eso-y-bachillerato\/\" class=\"more-link\">Continuar leyendo<span class=\"screen-reader-text\"> \u00abGRAN AFLUENCIA E INTER\u00c9S DE LAS FAMILIAS EN NUESTRA JORNADA DE PUERTAS ABIERTAS DIRIGIDA A ESO Y BACHILLERATO\u00bb<\/span><\/a><\/p>\n","protected":false},"author":4,"featured_media":13648,"comment_status":"closed","ping_status":"closed","sticky":false,"template":"","format":"standard","meta":{"footnotes":""},"categories":[130,1],"tags":[100],"class_list":["post-13646","post","type-post","status-publish","format-standard","has-post-thumbnail","hentry","category-jornadas-de-puertas-abiertas","category-noticias","tag-jornada-de-puertas-abiertas"],"_links":{"self":[{"href":"https:\/\/somosdelprieto.com\/index.php\/wp-json\/wp\/v2\/posts\/13646","targetHints":{"allow":["GET"]}}],"collection":[{"href":"https:\/\/somosdelprieto.com\/index.php\/wp-json\/wp\/v2\/posts"}],"about":[{"href":"https:\/\/somosdelprieto.com\/index.php\/wp-json\/wp\/v2\/types\/post"}],"author":[{"embeddable":true,"href":"https:\/\/somosdelprieto.com\/index.php\/wp-json\/wp\/v2\/users\/4"}],"replies":[{"embeddable":true,"href":"https:\/\/somosdelprieto.com\/index.php\/wp-json\/wp\/v2\/comments?post=13646"}],"version-history":[{"count":4,"href":"https:\/\/somosdelprieto.com\/index.php\/wp-json\/wp\/v2\/posts\/13646\/revisions"}],"predecessor-version":[{"id":13665,"href":"https:\/\/somosdelprieto.com\/index.php\/wp-json\/wp\/v2\/posts\/13646\/revisions\/13665"}],"wp:featuredmedia":[{"embeddable":true,"href":"https:\/\/somosdelprieto.com\/index.php\/wp-json\/wp\/v2\/media\/13648"}],"wp:attachment":[{"href":"https:\/\/somosdelprieto.com\/index.php\/wp-json\/wp\/v2\/media?parent=13646"}],"wp:term":[{"taxonomy":"category","embeddable":true,"href":"https:\/\/somosdelprieto.com\/index.php\/wp-json\/wp\/v2\/categories?post=13646"},{"taxonomy":"post_tag","embeddable":true,"href":"https:\/\/somosdelprieto.com\/index.php\/wp-json\/wp\/v2\/tags?post=13646"}],"curies":[{"name":"wp","href":"https:\/\/api.w.org\/{rel}","templated":true}]}}