{"id":13480,"date":"2023-01-19T11:13:25","date_gmt":"2023-01-19T10:13:25","guid":{"rendered":"https:\/\/somosdelprieto.com\/?p=13480"},"modified":"2023-01-19T11:16:24","modified_gmt":"2023-01-19T10:16:24","slug":"nuestra-navidad-con-proyectos-de-formacion-en-competencias-steam","status":"publish","type":"post","link":"https:\/\/somosdelprieto.com\/index.php\/2023\/01\/19\/nuestra-navidad-con-proyectos-de-formacion-en-competencias-steam\/","title":{"rendered":"Nuestra Navidad con Proyectos de Formaci\u00f3n en competencias STEAM"},"content":{"rendered":"\n<p>Durante el pasado mes de diciembre, nuestro alumnado de FP Grado B\u00e1sico de Comercio y Marketing y de Mantenimiento de Veh\u00edculos, realiz\u00f3 la decoraci\u00f3n navide\u00f1a de parte del edificio principal y del edificio de comercio y marketing y FPB de automoci\u00f3n.<\/p>\n\n\n\n<p>Una de las actividades principales consisti\u00f3 en la realizaci\u00f3n de un \u00e1rbol navide\u00f1o, d\u00f3nde la estructura corri\u00f3 a cuenta del alumnado de automoci\u00f3n y la decoraci\u00f3n fue realizada por el alumnado de Comercio y Marketing.<\/p>\n\n\n\n<figure class=\"wp-block-gallery columns-2 is-cropped wp-block-gallery-1 is-layout-flex wp-block-gallery-is-layout-flex\"><ul class=\"blocks-gallery-grid\"><li class=\"blocks-gallery-item\"><figure><img loading=\"lazy\" decoding=\"async\" width=\"696\" height=\"802\" src=\"https:\/\/somosdelprieto.com\/wp-content\/uploads\/2023\/01\/Screenshot-2023-01-19-at-11.08.00-1.png\" alt=\"\" data-id=\"13482\" data-full-url=\"https:\/\/somosdelprieto.com\/wp-content\/uploads\/2023\/01\/Screenshot-2023-01-19-at-11.08.00-1.png\" data-link=\"https:\/\/somosdelprieto.com\/?attachment_id=13482\" class=\"wp-image-13482\" srcset=\"https:\/\/somosdelprieto.com\/wp-content\/uploads\/2023\/01\/Screenshot-2023-01-19-at-11.08.00-1.png 696w, https:\/\/somosdelprieto.com\/wp-content\/uploads\/2023\/01\/Screenshot-2023-01-19-at-11.08.00-1-260x300.png 260w\" sizes=\"auto, (max-width: 696px) 100vw, 696px\" \/><\/figure><\/li><li class=\"blocks-gallery-item\"><figure><img loading=\"lazy\" decoding=\"async\" width=\"688\" height=\"1024\" src=\"https:\/\/somosdelprieto.com\/wp-content\/uploads\/2023\/01\/Screenshot-2023-01-19-at-11.09.19-688x1024.png\" alt=\"\" data-id=\"13483\" data-full-url=\"https:\/\/somosdelprieto.com\/wp-content\/uploads\/2023\/01\/Screenshot-2023-01-19-at-11.09.19.png\" data-link=\"https:\/\/somosdelprieto.com\/?attachment_id=13483\" class=\"wp-image-13483\" srcset=\"https:\/\/somosdelprieto.com\/wp-content\/uploads\/2023\/01\/Screenshot-2023-01-19-at-11.09.19-688x1024.png 688w, https:\/\/somosdelprieto.com\/wp-content\/uploads\/2023\/01\/Screenshot-2023-01-19-at-11.09.19-201x300.png 201w, https:\/\/somosdelprieto.com\/wp-content\/uploads\/2023\/01\/Screenshot-2023-01-19-at-11.09.19.png 748w\" sizes=\"auto, (max-width: 688px) 100vw, 688px\" \/><\/figure><\/li><\/ul><\/figure>\n\n\n\n<p>Otra de las actividades fue la decoraci\u00f3n de todas las puertas de las clases del edificio de comercio y marketing y automoci\u00f3n. No falt\u00f3 motivaci\u00f3n, creatividad, cooperaci\u00f3n e imaginaci\u00f3n.<\/p>\n","protected":false},"excerpt":{"rendered":"<p>Durante el pasado mes de diciembre, nuestro alumnado de FP Grado B\u00e1sico de Comercio y Marketing y de Mantenimiento de Veh\u00edculos, realiz\u00f3 la decoraci\u00f3n navide\u00f1a de parte del edificio principal y del edificio de comercio y marketing y FPB de automoci\u00f3n. Una de las actividades principales consisti\u00f3 en la realizaci\u00f3n de un \u00e1rbol navide\u00f1o, d\u00f3nde &hellip; <\/p>\n<p class=\"link-more\"><a href=\"https:\/\/somosdelprieto.com\/index.php\/2023\/01\/19\/nuestra-navidad-con-proyectos-de-formacion-en-competencias-steam\/\" class=\"more-link\">Continuar leyendo<span class=\"screen-reader-text\"> \u00abNuestra Navidad con Proyectos de Formaci\u00f3n en competencias STEAM\u00bb<\/span><\/a><\/p>\n","protected":false},"author":64,"featured_media":13486,"comment_status":"closed","ping_status":"closed","sticky":false,"template":"","format":"standard","meta":{"footnotes":""},"categories":[8,1,66,43],"tags":[128],"class_list":["post-13480","post","type-post","status-publish","format-standard","has-post-thumbnail","hentry","category-comercio","category-noticias","category-steam","category-transporte-y-mantenimiento-de-vehiculos","tag-navidad"],"_links":{"self":[{"href":"https:\/\/somosdelprieto.com\/index.php\/wp-json\/wp\/v2\/posts\/13480","targetHints":{"allow":["GET"]}}],"collection":[{"href":"https:\/\/somosdelprieto.com\/index.php\/wp-json\/wp\/v2\/posts"}],"about":[{"href":"https:\/\/somosdelprieto.com\/index.php\/wp-json\/wp\/v2\/types\/post"}],"author":[{"embeddable":true,"href":"https:\/\/somosdelprieto.com\/index.php\/wp-json\/wp\/v2\/users\/64"}],"replies":[{"embeddable":true,"href":"https:\/\/somosdelprieto.com\/index.php\/wp-json\/wp\/v2\/comments?post=13480"}],"version-history":[{"count":1,"href":"https:\/\/somosdelprieto.com\/index.php\/wp-json\/wp\/v2\/posts\/13480\/revisions"}],"predecessor-version":[{"id":13485,"href":"https:\/\/somosdelprieto.com\/index.php\/wp-json\/wp\/v2\/posts\/13480\/revisions\/13485"}],"wp:featuredmedia":[{"embeddable":true,"href":"https:\/\/somosdelprieto.com\/index.php\/wp-json\/wp\/v2\/media\/13486"}],"wp:attachment":[{"href":"https:\/\/somosdelprieto.com\/index.php\/wp-json\/wp\/v2\/media?parent=13480"}],"wp:term":[{"taxonomy":"category","embeddable":true,"href":"https:\/\/somosdelprieto.com\/index.php\/wp-json\/wp\/v2\/categories?post=13480"},{"taxonomy":"post_tag","embeddable":true,"href":"https:\/\/somosdelprieto.com\/index.php\/wp-json\/wp\/v2\/tags?post=13480"}],"curies":[{"name":"wp","href":"https:\/\/api.w.org\/{rel}","templated":true}]}}