{"id":13476,"date":"2023-01-19T10:26:10","date_gmt":"2023-01-19T09:26:10","guid":{"rendered":"https:\/\/somosdelprieto.com\/?p=13476"},"modified":"2023-01-24T07:14:03","modified_gmt":"2023-01-24T06:14:03","slug":"jornada-presencial-de-puertas-abiertas-para-eso-y-bachillerato","status":"publish","type":"post","link":"https:\/\/somosdelprieto.com\/index.php\/2023\/01\/19\/jornada-presencial-de-puertas-abiertas-para-eso-y-bachillerato\/","title":{"rendered":"JORNADA PRESENCIAL DE PUERTAS ABIERTAS PARA ESO Y BACHILLERATO"},"content":{"rendered":"\n<p>Con motivo del pr\u00f3ximo per\u00edodo de admisi\u00f3n en estudios de ESO y Bachillerato, hemos organizado una jornada de puertas abiertas el pr\u00f3ximo s\u00e1bado 28 de enero de 2023 a las 10:00 horas.<\/p>\n\n\n\n<p>Si por alg\u00fan motivo, alguna familia no pudiera acudir a la jornada de puertas abiertas, puede concertar una visita a t\u00edtulo particular, solicit\u00e1ndolo a esta direcci\u00f3n de correo electr\u00f3nico:<\/p>\n\n\n\n<p><a href=\"mailto:direccion@iesgregorioprieto.com\">direccion@iesgregorioprieto.com<\/a><\/p>\n\n\n\n<p>Tambi\u00e9n pueden conocer las principales caracter\u00edsticas de nuestro centro a trav\u00e9s de la siguiente presentaci\u00f3n:<\/p>\n\n\n\n<div style=\"width: 100%;\"><div style=\"position: relative; padding-bottom: 56.25%; padding-top: 0; height: 0;\"><iframe loading=\"lazy\" title=\"JORNADA DE PUERTAS ABIERTAS 28 DE ENERO DE 2023 VYT\" frameborder=\"0\" width=\"1200\" height=\"675\" style=\"position: absolute; top: 0; left: 0; width: 100%; height: 100%;\" src=\"https:\/\/view.genial.ly\/63c8542e6a0c1b0013e46e28\" type=\"text\/html\" allowscriptaccess=\"always\" allowfullscreen=\"true\" scrolling=\"yes\" allownetworking=\"all\"><\/iframe> <\/div> <\/div>\n\n\n\n<hr class=\"wp-block-separator\"\/>\n\n\n\n<p>Colabora en esta jornada:<\/p>\n\n\n\n<div class=\"wp-block-image\"><figure class=\"aligncenter size-large is-resized\"><img loading=\"lazy\" decoding=\"async\" src=\"https:\/\/somosdelprieto.com\/wp-content\/uploads\/2021\/06\/AMPA-IES-GREGORIO-PRIETO.png\" alt=\"\" class=\"wp-image-7166\" width=\"119\" height=\"181\" srcset=\"https:\/\/somosdelprieto.com\/wp-content\/uploads\/2021\/06\/AMPA-IES-GREGORIO-PRIETO.png 303w, https:\/\/somosdelprieto.com\/wp-content\/uploads\/2021\/06\/AMPA-IES-GREGORIO-PRIETO-198x300.png 198w\" sizes=\"auto, (max-width: 119px) 100vw, 119px\" \/><\/figure><\/div>\n\n\n\n<hr class=\"wp-block-separator\"\/>\n\n\n\n<iframe loading=\"lazy\" width=\"560\" height=\"315\" src=\"https:\/\/www.youtube.com\/embed\/8hLzsCJkUE0\" title=\"YouTube video player\" frameborder=\"0\" allow=\"accelerometer; autoplay; clipboard-write; encrypted-media; gyroscope; picture-in-picture; web-share\" allowfullscreen=\"\"><\/iframe>\n","protected":false},"excerpt":{"rendered":"<p>Con motivo del pr\u00f3ximo per\u00edodo de admisi\u00f3n en estudios de ESO y Bachillerato, hemos organizado una jornada de puertas abiertas el pr\u00f3ximo s\u00e1bado 28 de enero de 2023 a las 10:00 horas. Si por alg\u00fan motivo, alguna familia no pudiera acudir a la jornada de puertas abiertas, puede concertar una visita a t\u00edtulo particular, solicit\u00e1ndolo &hellip; <\/p>\n<p class=\"link-more\"><a href=\"https:\/\/somosdelprieto.com\/index.php\/2023\/01\/19\/jornada-presencial-de-puertas-abiertas-para-eso-y-bachillerato\/\" class=\"more-link\">Continuar leyendo<span class=\"screen-reader-text\"> \u00abJORNADA PRESENCIAL DE PUERTAS ABIERTAS PARA ESO Y BACHILLERATO\u00bb<\/span><\/a><\/p>\n","protected":false},"author":4,"featured_media":13478,"comment_status":"closed","ping_status":"closed","sticky":false,"template":"","format":"standard","meta":{"footnotes":""},"categories":[130,1],"tags":[100],"class_list":["post-13476","post","type-post","status-publish","format-standard","has-post-thumbnail","hentry","category-jornadas-de-puertas-abiertas","category-noticias","tag-jornada-de-puertas-abiertas"],"_links":{"self":[{"href":"https:\/\/somosdelprieto.com\/index.php\/wp-json\/wp\/v2\/posts\/13476","targetHints":{"allow":["GET"]}}],"collection":[{"href":"https:\/\/somosdelprieto.com\/index.php\/wp-json\/wp\/v2\/posts"}],"about":[{"href":"https:\/\/somosdelprieto.com\/index.php\/wp-json\/wp\/v2\/types\/post"}],"author":[{"embeddable":true,"href":"https:\/\/somosdelprieto.com\/index.php\/wp-json\/wp\/v2\/users\/4"}],"replies":[{"embeddable":true,"href":"https:\/\/somosdelprieto.com\/index.php\/wp-json\/wp\/v2\/comments?post=13476"}],"version-history":[{"count":8,"href":"https:\/\/somosdelprieto.com\/index.php\/wp-json\/wp\/v2\/posts\/13476\/revisions"}],"predecessor-version":[{"id":13513,"href":"https:\/\/somosdelprieto.com\/index.php\/wp-json\/wp\/v2\/posts\/13476\/revisions\/13513"}],"wp:featuredmedia":[{"embeddable":true,"href":"https:\/\/somosdelprieto.com\/index.php\/wp-json\/wp\/v2\/media\/13478"}],"wp:attachment":[{"href":"https:\/\/somosdelprieto.com\/index.php\/wp-json\/wp\/v2\/media?parent=13476"}],"wp:term":[{"taxonomy":"category","embeddable":true,"href":"https:\/\/somosdelprieto.com\/index.php\/wp-json\/wp\/v2\/categories?post=13476"},{"taxonomy":"post_tag","embeddable":true,"href":"https:\/\/somosdelprieto.com\/index.php\/wp-json\/wp\/v2\/tags?post=13476"}],"curies":[{"name":"wp","href":"https:\/\/api.w.org\/{rel}","templated":true}]}}