{"id":13406,"date":"2023-01-04T12:55:26","date_gmt":"2023-01-04T11:55:26","guid":{"rendered":"https:\/\/somosdelprieto.com\/?p=13406"},"modified":"2023-01-04T12:55:26","modified_gmt":"2023-01-04T11:55:26","slug":"i-rally-selfie-navideno-intercentros","status":"publish","type":"post","link":"https:\/\/somosdelprieto.com\/index.php\/2023\/01\/04\/i-rally-selfie-navideno-intercentros\/","title":{"rendered":"I RALLY SELFIE NAVIDE\u00d1O INTERCENTROS"},"content":{"rendered":"\n<p>Como actividad de despedida antes del descanso navide\u00f1o hemos realizado el primer Rally Selfie Navide\u00f1o Intercentros para 1\u00ba de Bachillerato, organizado por los departamentos de Educaci\u00f3n F\u00edsica del IES Francisco Nieva y de nuestro centro.<\/p>\n\n\n\n<p>\u00a0La actividad consist\u00eda en desplazarse, siguiendo un mapa online, a diferentes puntos de la localidad tomando fotos selfie que se compart\u00edan a tiempo real a trav\u00e9s de un muro colaborativo.<\/p>\n\n\n\n<figure class=\"wp-block-image size-large\"><img loading=\"lazy\" decoding=\"async\" width=\"1024\" height=\"568\" src=\"https:\/\/somosdelprieto.com\/wp-content\/uploads\/2023\/01\/FOTO-MURO-1024x568.jpg\" alt=\"\" class=\"wp-image-13409\" srcset=\"https:\/\/somosdelprieto.com\/wp-content\/uploads\/2023\/01\/FOTO-MURO-1024x568.jpg 1024w, https:\/\/somosdelprieto.com\/wp-content\/uploads\/2023\/01\/FOTO-MURO-300x166.jpg 300w, https:\/\/somosdelprieto.com\/wp-content\/uploads\/2023\/01\/FOTO-MURO-768x426.jpg 768w, https:\/\/somosdelprieto.com\/wp-content\/uploads\/2023\/01\/FOTO-MURO-1536x852.jpg 1536w, https:\/\/somosdelprieto.com\/wp-content\/uploads\/2023\/01\/FOTO-MURO.jpg 1850w\" sizes=\"auto, (max-width: 767px) 89vw, (max-width: 1000px) 54vw, (max-width: 1071px) 543px, 580px\" \/><\/figure>\n\n\n\n<p>Damos la enhorabuena al alumnado participante que se ha involucrado con ganas, venciendo as\u00ed el cansancio del trimestre. Tambi\u00e9n queremos felicitar al equipo ganador, \u201cLas Fen\u00f3menas\u201d, formado por chicas de ambos centros.<\/p>\n\n\n\n<p>Aqu\u00ed dejamos el muro con las fotos de la actividad.<\/p>\n\n\n\n<p><a href=\"https:\/\/padlet.com\/pilarsanchez\/5e3712e1poz7cvtb\">https:\/\/padlet.com\/pilarsanchez\/5e3712e1poz7cvtb<\/a><\/p>\n\n\n\n<p>\u00a1Feliz A\u00f1o!<\/p>\n","protected":false},"excerpt":{"rendered":"<p>Como actividad de despedida antes del descanso navide\u00f1o hemos realizado el primer Rally Selfie Navide\u00f1o Intercentros para 1\u00ba de Bachillerato, organizado por los departamentos de Educaci\u00f3n F\u00edsica del IES Francisco Nieva y de nuestro centro. \u00a0La actividad consist\u00eda en desplazarse, siguiendo un mapa online, a diferentes puntos de la localidad tomando fotos selfie que se &hellip; <\/p>\n<p class=\"link-more\"><a href=\"https:\/\/somosdelprieto.com\/index.php\/2023\/01\/04\/i-rally-selfie-navideno-intercentros\/\" class=\"more-link\">Continuar leyendo<span class=\"screen-reader-text\"> \u00abI RALLY SELFIE NAVIDE\u00d1O INTERCENTROS\u00bb<\/span><\/a><\/p>\n","protected":false},"author":26,"featured_media":13408,"comment_status":"closed","ping_status":"closed","sticky":false,"template":"","format":"standard","meta":{"footnotes":""},"categories":[26,1,101],"tags":[],"class_list":["post-13406","post","type-post","status-publish","format-standard","has-post-thumbnail","hentry","category-educacion-fisica","category-noticias","category-proyecto-escolar-saludable"],"_links":{"self":[{"href":"https:\/\/somosdelprieto.com\/index.php\/wp-json\/wp\/v2\/posts\/13406","targetHints":{"allow":["GET"]}}],"collection":[{"href":"https:\/\/somosdelprieto.com\/index.php\/wp-json\/wp\/v2\/posts"}],"about":[{"href":"https:\/\/somosdelprieto.com\/index.php\/wp-json\/wp\/v2\/types\/post"}],"author":[{"embeddable":true,"href":"https:\/\/somosdelprieto.com\/index.php\/wp-json\/wp\/v2\/users\/26"}],"replies":[{"embeddable":true,"href":"https:\/\/somosdelprieto.com\/index.php\/wp-json\/wp\/v2\/comments?post=13406"}],"version-history":[{"count":3,"href":"https:\/\/somosdelprieto.com\/index.php\/wp-json\/wp\/v2\/posts\/13406\/revisions"}],"predecessor-version":[{"id":13412,"href":"https:\/\/somosdelprieto.com\/index.php\/wp-json\/wp\/v2\/posts\/13406\/revisions\/13412"}],"wp:featuredmedia":[{"embeddable":true,"href":"https:\/\/somosdelprieto.com\/index.php\/wp-json\/wp\/v2\/media\/13408"}],"wp:attachment":[{"href":"https:\/\/somosdelprieto.com\/index.php\/wp-json\/wp\/v2\/media?parent=13406"}],"wp:term":[{"taxonomy":"category","embeddable":true,"href":"https:\/\/somosdelprieto.com\/index.php\/wp-json\/wp\/v2\/categories?post=13406"},{"taxonomy":"post_tag","embeddable":true,"href":"https:\/\/somosdelprieto.com\/index.php\/wp-json\/wp\/v2\/tags?post=13406"}],"curies":[{"name":"wp","href":"https:\/\/api.w.org\/{rel}","templated":true}]}}