{"id":13369,"date":"2022-12-22T17:13:08","date_gmt":"2022-12-22T16:13:08","guid":{"rendered":"https:\/\/somosdelprieto.com\/?p=13369"},"modified":"2022-12-22T17:13:08","modified_gmt":"2022-12-22T16:13:08","slug":"encuentro-transnacional-en-bucarest","status":"publish","type":"post","link":"https:\/\/somosdelprieto.com\/index.php\/2022\/12\/22\/encuentro-transnacional-en-bucarest\/","title":{"rendered":"ENCUENTRO TRANSNACIONAL EN BUCAREST"},"content":{"rendered":"\n<p>Los pasados 16 y 17 de Diciembre, dos profesoras del departamento de Ingl\u00e9s asistieron a la reuni\u00f3n de coordinaci\u00f3n celebrada en Bucarest para terminar el proyecto Erasmus + KA201 \u201cHigh Five\u201d que se ha llevado a cabo en nuestro centro desde diciembre del curso pasado.<\/p>\n\n\n\n<p>Este proyecto, cuyo objetivo ha sido favorecer la inclusi\u00f3n del alumnado en situaci\u00f3n de desventaja, ha facilitado que un grupo de alumnos\/as de 2\u00ba de ESO hayan podido desarrollar curr\u00edculums espec\u00edficos relacionados con diferentes \u00e1reas, como la danza, el teatro, la m\u00fasica, el pensamiento computacional y la cer\u00e1mica.<\/p>\n\n\n\n<p>En la reuni\u00f3n celebrada la semana pasada en Bucarest y organizada por uno de los centros participantes, Centrul \u015ecolar pentru Educa\u0163ie Incluziv\u0103 T\u00e2rgu Jiu, se presentaron las conclusiones del \u00faltimo taller implementado, el de cer\u00e1mica, y se realiz\u00f3 la gesti\u00f3n documental de todo el proyecto. Asimismo, se llevaron a cabo algunas actividades culturales, como una visita guiada al Parlamento y un paseo por los t\u00edpicos mercados navide\u00f1os que se pueden encontrar en distintas partes de la ciudad al caer la noche.<\/p>\n\n\n\n<figure class=\"wp-block-gallery columns-2 is-cropped wp-block-gallery-1 is-layout-flex wp-block-gallery-is-layout-flex\"><ul class=\"blocks-gallery-grid\"><li class=\"blocks-gallery-item\"><figure><img loading=\"lazy\" decoding=\"async\" width=\"768\" height=\"1024\" src=\"https:\/\/somosdelprieto.com\/wp-content\/uploads\/2022\/12\/1671724819713-768x1024.jpg\" alt=\"\" data-id=\"13373\" data-link=\"https:\/\/somosdelprieto.com\/?attachment_id=13373\" class=\"wp-image-13373\" srcset=\"https:\/\/somosdelprieto.com\/wp-content\/uploads\/2022\/12\/1671724819713-768x1023.jpg 768w, https:\/\/somosdelprieto.com\/wp-content\/uploads\/2022\/12\/1671724819713-225x300.jpg 225w, https:\/\/somosdelprieto.com\/wp-content\/uploads\/2022\/12\/1671724819713-1153x1536.jpg 1153w, https:\/\/somosdelprieto.com\/wp-content\/uploads\/2022\/12\/1671724819713.jpg 1200w\" sizes=\"auto, (max-width: 767px) 89vw, (max-width: 1000px) 54vw, (max-width: 1071px) 543px, 580px\" \/><\/figure><\/li><li class=\"blocks-gallery-item\"><figure><img loading=\"lazy\" decoding=\"async\" width=\"1024\" height=\"768\" src=\"https:\/\/somosdelprieto.com\/wp-content\/uploads\/2022\/12\/1671724710278-1-1024x768.jpg\" alt=\"\" data-id=\"13374\" data-link=\"https:\/\/somosdelprieto.com\/?attachment_id=13374\" class=\"wp-image-13374\" srcset=\"https:\/\/somosdelprieto.com\/wp-content\/uploads\/2022\/12\/1671724710278-1-1024x768.jpg 1024w, https:\/\/somosdelprieto.com\/wp-content\/uploads\/2022\/12\/1671724710278-1-300x225.jpg 300w, https:\/\/somosdelprieto.com\/wp-content\/uploads\/2022\/12\/1671724710278-1-768x576.jpg 768w, https:\/\/somosdelprieto.com\/wp-content\/uploads\/2022\/12\/1671724710278-1-1536x1153.jpg 1536w, https:\/\/somosdelprieto.com\/wp-content\/uploads\/2022\/12\/1671724710278-1.jpg 1599w\" sizes=\"auto, (max-width: 767px) 89vw, (max-width: 1000px) 54vw, (max-width: 1071px) 543px, 580px\" \/><\/figure><\/li><\/ul><\/figure>\n\n\n\n<figure class=\"wp-block-image size-large is-resized\"><img loading=\"lazy\" decoding=\"async\" src=\"https:\/\/somosdelprieto.com\/wp-content\/uploads\/2022\/12\/1671724710327-2-1024x576.jpg\" alt=\"\" class=\"wp-image-13376\" width=\"349\" height=\"196\" srcset=\"https:\/\/somosdelprieto.com\/wp-content\/uploads\/2022\/12\/1671724710327-2-1024x576.jpg 1024w, https:\/\/somosdelprieto.com\/wp-content\/uploads\/2022\/12\/1671724710327-2-300x169.jpg 300w, https:\/\/somosdelprieto.com\/wp-content\/uploads\/2022\/12\/1671724710327-2-768x432.jpg 768w, https:\/\/somosdelprieto.com\/wp-content\/uploads\/2022\/12\/1671724710327-2-1536x864.jpg 1536w, https:\/\/somosdelprieto.com\/wp-content\/uploads\/2022\/12\/1671724710327-2.jpg 2016w\" sizes=\"auto, (max-width: 349px) 100vw, 349px\" \/><\/figure>\n","protected":false},"excerpt":{"rendered":"<p>Los pasados 16 y 17 de Diciembre, dos profesoras del departamento de Ingl\u00e9s asistieron a la reuni\u00f3n de coordinaci\u00f3n celebrada en Bucarest para terminar el proyecto Erasmus + KA201 \u201cHigh Five\u201d que se ha llevado a cabo en nuestro centro desde diciembre del curso pasado. Este proyecto, cuyo objetivo ha sido favorecer la inclusi\u00f3n del &hellip; <\/p>\n<p class=\"link-more\"><a href=\"https:\/\/somosdelprieto.com\/index.php\/2022\/12\/22\/encuentro-transnacional-en-bucarest\/\" class=\"more-link\">Continuar leyendo<span class=\"screen-reader-text\"> \u00abENCUENTRO TRANSNACIONAL EN BUCAREST\u00bb<\/span><\/a><\/p>\n","protected":false},"author":33,"featured_media":13370,"comment_status":"closed","ping_status":"closed","sticky":false,"template":"","format":"standard","meta":{"footnotes":""},"categories":[4,1],"tags":[],"class_list":["post-13369","post","type-post","status-publish","format-standard","has-post-thumbnail","hentry","category-erasmus","category-noticias"],"_links":{"self":[{"href":"https:\/\/somosdelprieto.com\/index.php\/wp-json\/wp\/v2\/posts\/13369","targetHints":{"allow":["GET"]}}],"collection":[{"href":"https:\/\/somosdelprieto.com\/index.php\/wp-json\/wp\/v2\/posts"}],"about":[{"href":"https:\/\/somosdelprieto.com\/index.php\/wp-json\/wp\/v2\/types\/post"}],"author":[{"embeddable":true,"href":"https:\/\/somosdelprieto.com\/index.php\/wp-json\/wp\/v2\/users\/33"}],"replies":[{"embeddable":true,"href":"https:\/\/somosdelprieto.com\/index.php\/wp-json\/wp\/v2\/comments?post=13369"}],"version-history":[{"count":1,"href":"https:\/\/somosdelprieto.com\/index.php\/wp-json\/wp\/v2\/posts\/13369\/revisions"}],"predecessor-version":[{"id":13377,"href":"https:\/\/somosdelprieto.com\/index.php\/wp-json\/wp\/v2\/posts\/13369\/revisions\/13377"}],"wp:featuredmedia":[{"embeddable":true,"href":"https:\/\/somosdelprieto.com\/index.php\/wp-json\/wp\/v2\/media\/13370"}],"wp:attachment":[{"href":"https:\/\/somosdelprieto.com\/index.php\/wp-json\/wp\/v2\/media?parent=13369"}],"wp:term":[{"taxonomy":"category","embeddable":true,"href":"https:\/\/somosdelprieto.com\/index.php\/wp-json\/wp\/v2\/categories?post=13369"},{"taxonomy":"post_tag","embeddable":true,"href":"https:\/\/somosdelprieto.com\/index.php\/wp-json\/wp\/v2\/tags?post=13369"}],"curies":[{"name":"wp","href":"https:\/\/api.w.org\/{rel}","templated":true}]}}