{"id":13143,"date":"2022-12-06T21:18:57","date_gmt":"2022-12-06T20:18:57","guid":{"rendered":"https:\/\/somosdelprieto.com\/?p=13143"},"modified":"2022-12-06T21:22:24","modified_gmt":"2022-12-06T20:22:24","slug":"taller-mecanico-hijos-de-garcia-fernandez-cb","status":"publish","type":"post","link":"https:\/\/somosdelprieto.com\/index.php\/2022\/12\/06\/taller-mecanico-hijos-de-garcia-fernandez-cb\/","title":{"rendered":"TALLER MEC\u00c1NICO HIJOS DE GARC\u00cdA FERNANDEZ CB"},"content":{"rendered":"\n<p><strong>\u00bfQui\u00e9nes somos?<\/strong><\/p>\n\n\n\n<p>Somos una comunidad de bienes formada por 5 aut\u00f3nomos (\u00c1lvaro Peralta, Beatriz Fern\u00e1ndez, Beatriz Ruiz, Mar\u00eda G\u00f3mez y Minerva Garc\u00eda) con el objetivo de ofrecer un servicio de reparaci\u00f3n de veh\u00edculos y maquinaria agr\u00edcola. No consideramos a la Comunidad de Bienes como un tipo de sociedad, ya que carece de personalidad jur\u00eddica.&nbsp;<\/p>\n\n\n\n<p><strong>Normativa<\/strong><\/p>\n\n\n\n<p>Nuestra empresa no tiene personalidad jur\u00eddica propia, se por el C\u00f3digo de Comercio en material mercantil y por el C\u00f3digo Civil en materia de Derechos y Obligaciones.<\/p>\n\n\n\n<p><strong>Documentaci\u00f3n<\/strong><\/p>\n\n\n\n<p>Se le ha adjuntado la Constituci\u00f3n de Comunidades de Bienes, donde exponen sus servicios establecidos por el C\u00f3digo Civil, art\u00edculo 392 y siguientes, del T\u00edtulo III, es voluntad de los contratantes constituir una Comunidad de Bienes, la cual se regir\u00e1 por los Estatutos redactados y firmados por los comparecientes.<\/p>\n\n\n\n<p>Tambi\u00e9n se le ha adjuntado un Documento Privado de Constituci\u00f3n de Comunidades de Bienes donde declaran una serie de pautas con el nombre y el derecho de cada uno de nuestros comuneros.<\/p>\n\n\n\n<p>Para m\u00e1s informaci\u00f3n \u2026<\/p>\n\n\n\n<p><a href=\"https:\/\/view.genial.ly\/636fed2e4706660019319bfd\/presentation-trabajo-de-juridica\" target=\"_blank\" rel=\"noreferrer noopener\">Trabajo de Jur\u00eddica<\/a><\/p>\n","protected":false},"excerpt":{"rendered":"<p>\u00bfQui\u00e9nes somos? Somos una comunidad de bienes formada por 5 aut\u00f3nomos (\u00c1lvaro Peralta, Beatriz Fern\u00e1ndez, Beatriz Ruiz, Mar\u00eda G\u00f3mez y Minerva Garc\u00eda) con el objetivo de ofrecer un servicio de reparaci\u00f3n de veh\u00edculos y maquinaria agr\u00edcola. No consideramos a la Comunidad de Bienes como un tipo de sociedad, ya que carece de personalidad jur\u00eddica.&nbsp; Normativa &hellip; <\/p>\n<p class=\"link-more\"><a href=\"https:\/\/somosdelprieto.com\/index.php\/2022\/12\/06\/taller-mecanico-hijos-de-garcia-fernandez-cb\/\" class=\"more-link\">Continuar leyendo<span class=\"screen-reader-text\"> \u00abTALLER MEC\u00c1NICO HIJOS DE GARC\u00cdA FERNANDEZ CB\u00bb<\/span><\/a><\/p>\n","protected":false},"author":4,"featured_media":13144,"comment_status":"closed","ping_status":"closed","sticky":false,"template":"","format":"standard","meta":{"footnotes":""},"categories":[283],"tags":[261,282],"class_list":["post-13143","post","type-post","status-publish","format-standard","has-post-thumbnail","hentry","category-gdje","tag-administracion-de-empresas","tag-gdje"],"_links":{"self":[{"href":"https:\/\/somosdelprieto.com\/index.php\/wp-json\/wp\/v2\/posts\/13143","targetHints":{"allow":["GET"]}}],"collection":[{"href":"https:\/\/somosdelprieto.com\/index.php\/wp-json\/wp\/v2\/posts"}],"about":[{"href":"https:\/\/somosdelprieto.com\/index.php\/wp-json\/wp\/v2\/types\/post"}],"author":[{"embeddable":true,"href":"https:\/\/somosdelprieto.com\/index.php\/wp-json\/wp\/v2\/users\/4"}],"replies":[{"embeddable":true,"href":"https:\/\/somosdelprieto.com\/index.php\/wp-json\/wp\/v2\/comments?post=13143"}],"version-history":[{"count":3,"href":"https:\/\/somosdelprieto.com\/index.php\/wp-json\/wp\/v2\/posts\/13143\/revisions"}],"predecessor-version":[{"id":13147,"href":"https:\/\/somosdelprieto.com\/index.php\/wp-json\/wp\/v2\/posts\/13143\/revisions\/13147"}],"wp:featuredmedia":[{"embeddable":true,"href":"https:\/\/somosdelprieto.com\/index.php\/wp-json\/wp\/v2\/media\/13144"}],"wp:attachment":[{"href":"https:\/\/somosdelprieto.com\/index.php\/wp-json\/wp\/v2\/media?parent=13143"}],"wp:term":[{"taxonomy":"category","embeddable":true,"href":"https:\/\/somosdelprieto.com\/index.php\/wp-json\/wp\/v2\/categories?post=13143"},{"taxonomy":"post_tag","embeddable":true,"href":"https:\/\/somosdelprieto.com\/index.php\/wp-json\/wp\/v2\/tags?post=13143"}],"curies":[{"name":"wp","href":"https:\/\/api.w.org\/{rel}","templated":true}]}}