{"id":13123,"date":"2022-12-06T13:29:38","date_gmt":"2022-12-06T12:29:38","guid":{"rendered":"https:\/\/somosdelprieto.com\/?p=13123"},"modified":"2022-12-06T13:29:38","modified_gmt":"2022-12-06T12:29:38","slug":"cursos-de-formacion-steam-para-profesorado-agosto-2022","status":"publish","type":"post","link":"https:\/\/somosdelprieto.com\/index.php\/2022\/12\/06\/cursos-de-formacion-steam-para-profesorado-agosto-2022\/","title":{"rendered":"Cursos de formaci\u00f3n STEAM para profesorado (Agosto-2022)"},"content":{"rendered":"<p>Desde el 22 al 26 de Agosto, 3 profesoras del departamento de Ingl\u00e9s y una del departamento de Tecnolog\u00eda de nuestro centro realizaron una movilidad a Atenas, Grecia para asistir a distintos cursos de formaci\u00f3n relacionados con la metodolog\u00eda STEAM que desde a\u00f1os se pone en marcha en nuestro centro. Estas movilidades se enmarcan dentro del proyecto Erasmus + KA101 \u201cDeepening in STEAM\u201d, que se lleva desarrollando en el IES Gregorio Prieto desde hace tres a\u00f1os.<br \/>En esta movilidad las docentes realizaron tres cursos de formaci\u00f3n diferentes:<\/p>\n<ul>\n<li>BYO-STEAM \u2013 Build Your Own STEAM based in differentiated learning paths. Multidisciplinary Sustainability STEAM applications.<\/li>\n<li>Hands-on CLIL: Digital Storytelling through Multiple Intelligences \u2013 Apps for Scaffolding your teaching Pathways.<\/li>\n<li>Technology in Classroom, ICT in the digital era- Tablets educacional apps.<\/li>\n<\/ul>\n<p>En todos ellos adquirieron conocimientos sobre aplicaciones novedosas y su\u00a0 implementaci\u00f3n en el aula en sus materias.<\/p>\n\n\n<div class=\"wp-block-group\"><div class=\"wp-block-group__inner-container is-layout-flow wp-block-group-is-layout-flow\">\n<figure class=\"wp-block-gallery columns-3 is-cropped wp-block-gallery-1 is-layout-flex wp-block-gallery-is-layout-flex\"><ul class=\"blocks-gallery-grid\"><li class=\"blocks-gallery-item\"><figure><img loading=\"lazy\" decoding=\"async\" width=\"1024\" height=\"768\" src=\"https:\/\/somosdelprieto.com\/wp-content\/uploads\/2022\/12\/1670261521671-1024x768.jpg\" alt=\"\" data-id=\"13125\" data-full-url=\"https:\/\/somosdelprieto.com\/wp-content\/uploads\/2022\/12\/1670261521671.jpg\" data-link=\"https:\/\/somosdelprieto.com\/?attachment_id=13125\" class=\"wp-image-13125\" srcset=\"https:\/\/somosdelprieto.com\/wp-content\/uploads\/2022\/12\/1670261521671-1024x768.jpg 1024w, https:\/\/somosdelprieto.com\/wp-content\/uploads\/2022\/12\/1670261521671-300x225.jpg 300w, https:\/\/somosdelprieto.com\/wp-content\/uploads\/2022\/12\/1670261521671-768x576.jpg 768w, https:\/\/somosdelprieto.com\/wp-content\/uploads\/2022\/12\/1670261521671-1536x1152.jpg 1536w, https:\/\/somosdelprieto.com\/wp-content\/uploads\/2022\/12\/1670261521671.jpg 1600w\" sizes=\"auto, (max-width: 767px) 89vw, (max-width: 1000px) 54vw, (max-width: 1071px) 543px, 580px\" \/><\/figure><\/li><li class=\"blocks-gallery-item\"><figure><img loading=\"lazy\" decoding=\"async\" width=\"1024\" height=\"768\" src=\"https:\/\/somosdelprieto.com\/wp-content\/uploads\/2022\/12\/1670261521693-1024x768.jpg\" alt=\"\" data-id=\"13126\" data-full-url=\"https:\/\/somosdelprieto.com\/wp-content\/uploads\/2022\/12\/1670261521693.jpg\" data-link=\"https:\/\/somosdelprieto.com\/?attachment_id=13126\" class=\"wp-image-13126\" srcset=\"https:\/\/somosdelprieto.com\/wp-content\/uploads\/2022\/12\/1670261521693-1024x768.jpg 1024w, https:\/\/somosdelprieto.com\/wp-content\/uploads\/2022\/12\/1670261521693-300x225.jpg 300w, https:\/\/somosdelprieto.com\/wp-content\/uploads\/2022\/12\/1670261521693-768x576.jpg 768w, https:\/\/somosdelprieto.com\/wp-content\/uploads\/2022\/12\/1670261521693-1536x1152.jpg 1536w, https:\/\/somosdelprieto.com\/wp-content\/uploads\/2022\/12\/1670261521693.jpg 1600w\" sizes=\"auto, (max-width: 767px) 89vw, (max-width: 1000px) 54vw, (max-width: 1071px) 543px, 580px\" \/><\/figure><\/li><li class=\"blocks-gallery-item\"><figure><img loading=\"lazy\" decoding=\"async\" width=\"1024\" height=\"768\" src=\"https:\/\/somosdelprieto.com\/wp-content\/uploads\/2022\/12\/1670261521739-1-1024x768.jpg\" alt=\"\" data-id=\"13128\" data-full-url=\"https:\/\/somosdelprieto.com\/wp-content\/uploads\/2022\/12\/1670261521739-1.jpg\" data-link=\"https:\/\/somosdelprieto.com\/?attachment_id=13128\" class=\"wp-image-13128\" srcset=\"https:\/\/somosdelprieto.com\/wp-content\/uploads\/2022\/12\/1670261521739-1-1024x768.jpg 1024w, https:\/\/somosdelprieto.com\/wp-content\/uploads\/2022\/12\/1670261521739-1-300x225.jpg 300w, https:\/\/somosdelprieto.com\/wp-content\/uploads\/2022\/12\/1670261521739-1-768x576.jpg 768w, https:\/\/somosdelprieto.com\/wp-content\/uploads\/2022\/12\/1670261521739-1.jpg 1152w\" sizes=\"auto, (max-width: 767px) 89vw, (max-width: 1000px) 54vw, (max-width: 1071px) 543px, 580px\" \/><\/figure><\/li><li class=\"blocks-gallery-item\"><figure><img loading=\"lazy\" decoding=\"async\" width=\"1024\" height=\"576\" src=\"https:\/\/somosdelprieto.com\/wp-content\/uploads\/2022\/12\/1670261521717-1024x576.jpg\" alt=\"\" data-id=\"13127\" data-full-url=\"https:\/\/somosdelprieto.com\/wp-content\/uploads\/2022\/12\/1670261521717.jpg\" data-link=\"https:\/\/somosdelprieto.com\/?attachment_id=13127\" class=\"wp-image-13127\" srcset=\"https:\/\/somosdelprieto.com\/wp-content\/uploads\/2022\/12\/1670261521717-1024x576.jpg 1024w, https:\/\/somosdelprieto.com\/wp-content\/uploads\/2022\/12\/1670261521717-300x169.jpg 300w, https:\/\/somosdelprieto.com\/wp-content\/uploads\/2022\/12\/1670261521717-768x432.jpg 768w, https:\/\/somosdelprieto.com\/wp-content\/uploads\/2022\/12\/1670261521717-1536x864.jpg 1536w, https:\/\/somosdelprieto.com\/wp-content\/uploads\/2022\/12\/1670261521717.jpg 1600w\" sizes=\"auto, (max-width: 767px) 89vw, (max-width: 1000px) 54vw, (max-width: 1071px) 543px, 580px\" \/><\/figure><\/li><\/ul><\/figure>\n<\/div><\/div>\n","protected":false},"excerpt":{"rendered":"<p>Desde el 22 al 26 de Agosto, 3 profesoras del departamento de Ingl\u00e9s y una del departamento de Tecnolog\u00eda de nuestro centro realizaron una movilidad a Atenas, Grecia para asistir a distintos cursos de formaci\u00f3n relacionados con la metodolog\u00eda STEAM que desde a\u00f1os se pone en marcha en nuestro centro. Estas movilidades se enmarcan dentro &hellip; <\/p>\n<p class=\"link-more\"><a href=\"https:\/\/somosdelprieto.com\/index.php\/2022\/12\/06\/cursos-de-formacion-steam-para-profesorado-agosto-2022\/\" class=\"more-link\">Continuar leyendo<span class=\"screen-reader-text\"> \u00abCursos de formaci\u00f3n STEAM para profesorado (Agosto-2022)\u00bb<\/span><\/a><\/p>\n","protected":false},"author":3,"featured_media":13127,"comment_status":"closed","ping_status":"closed","sticky":false,"template":"","format":"standard","meta":{"footnotes":""},"categories":[4,1,66],"tags":[],"class_list":["post-13123","post","type-post","status-publish","format-standard","has-post-thumbnail","hentry","category-erasmus","category-noticias","category-steam"],"_links":{"self":[{"href":"https:\/\/somosdelprieto.com\/index.php\/wp-json\/wp\/v2\/posts\/13123","targetHints":{"allow":["GET"]}}],"collection":[{"href":"https:\/\/somosdelprieto.com\/index.php\/wp-json\/wp\/v2\/posts"}],"about":[{"href":"https:\/\/somosdelprieto.com\/index.php\/wp-json\/wp\/v2\/types\/post"}],"author":[{"embeddable":true,"href":"https:\/\/somosdelprieto.com\/index.php\/wp-json\/wp\/v2\/users\/3"}],"replies":[{"embeddable":true,"href":"https:\/\/somosdelprieto.com\/index.php\/wp-json\/wp\/v2\/comments?post=13123"}],"version-history":[{"count":1,"href":"https:\/\/somosdelprieto.com\/index.php\/wp-json\/wp\/v2\/posts\/13123\/revisions"}],"predecessor-version":[{"id":13129,"href":"https:\/\/somosdelprieto.com\/index.php\/wp-json\/wp\/v2\/posts\/13123\/revisions\/13129"}],"wp:featuredmedia":[{"embeddable":true,"href":"https:\/\/somosdelprieto.com\/index.php\/wp-json\/wp\/v2\/media\/13127"}],"wp:attachment":[{"href":"https:\/\/somosdelprieto.com\/index.php\/wp-json\/wp\/v2\/media?parent=13123"}],"wp:term":[{"taxonomy":"category","embeddable":true,"href":"https:\/\/somosdelprieto.com\/index.php\/wp-json\/wp\/v2\/categories?post=13123"},{"taxonomy":"post_tag","embeddable":true,"href":"https:\/\/somosdelprieto.com\/index.php\/wp-json\/wp\/v2\/tags?post=13123"}],"curies":[{"name":"wp","href":"https:\/\/api.w.org\/{rel}","templated":true}]}}