{"id":13085,"date":"2022-12-05T13:36:06","date_gmt":"2022-12-05T12:36:06","guid":{"rendered":"https:\/\/somosdelprieto.com\/?p=13085"},"modified":"2022-12-05T13:54:23","modified_gmt":"2022-12-05T12:54:23","slug":"charla-en-colaboracion-con-quixote-innovation-sobre-matematicas","status":"publish","type":"post","link":"https:\/\/somosdelprieto.com\/index.php\/2022\/12\/05\/charla-en-colaboracion-con-quixote-innovation-sobre-matematicas\/","title":{"rendered":"CHARLA EN COLABORACI\u00d3N CON QUIXOTE INNOVATION SOBRE MATEM\u00c1TICAS"},"content":{"rendered":"\n<p>El pasado viernes 2 de diciembre se celebr\u00f3 en nuestro IES una charla en colaboraci\u00f3n con QUIXOTE INNOVATION sobre matem\u00e1ticas: \u00abMatem\u00e1ticas, unas gafas para ver la vida\u00bb.<\/p>\n\n\n\n<p>A esta charla asistieron numeroso alumnos\/as de ESO y Bachillerato. Os dejamos unas fotos del evento.<\/p>\n\n\n\n<figure class=\"wp-block-image size-large\"><img loading=\"lazy\" decoding=\"async\" width=\"1024\" height=\"462\" src=\"https:\/\/somosdelprieto.com\/wp-content\/uploads\/2022\/12\/20221202_134813-1024x462.jpg\" alt=\"\" class=\"wp-image-13086\" srcset=\"https:\/\/somosdelprieto.com\/wp-content\/uploads\/2022\/12\/20221202_134813-1024x462.jpg 1024w, https:\/\/somosdelprieto.com\/wp-content\/uploads\/2022\/12\/20221202_134813-300x135.jpg 300w, https:\/\/somosdelprieto.com\/wp-content\/uploads\/2022\/12\/20221202_134813-768x346.jpg 768w, https:\/\/somosdelprieto.com\/wp-content\/uploads\/2022\/12\/20221202_134813-1536x692.jpg 1536w, https:\/\/somosdelprieto.com\/wp-content\/uploads\/2022\/12\/20221202_134813-2048x923.jpg 2048w\" sizes=\"auto, (max-width: 767px) 89vw, (max-width: 1000px) 54vw, (max-width: 1071px) 543px, 580px\" \/><\/figure>\n\n\n\n<figure class=\"wp-block-image size-large\"><img loading=\"lazy\" decoding=\"async\" width=\"1024\" height=\"461\" src=\"https:\/\/somosdelprieto.com\/wp-content\/uploads\/2022\/12\/20221202_140738-1024x461.jpg\" alt=\"\" class=\"wp-image-13091\" srcset=\"https:\/\/somosdelprieto.com\/wp-content\/uploads\/2022\/12\/20221202_140738-1024x461.jpg 1024w, https:\/\/somosdelprieto.com\/wp-content\/uploads\/2022\/12\/20221202_140738-300x135.jpg 300w, https:\/\/somosdelprieto.com\/wp-content\/uploads\/2022\/12\/20221202_140738-768x346.jpg 768w, https:\/\/somosdelprieto.com\/wp-content\/uploads\/2022\/12\/20221202_140738-1536x691.jpg 1536w, https:\/\/somosdelprieto.com\/wp-content\/uploads\/2022\/12\/20221202_140738-2048x922.jpg 2048w\" sizes=\"auto, (max-width: 767px) 89vw, (max-width: 1000px) 54vw, (max-width: 1071px) 543px, 580px\" \/><\/figure>\n\n\n\n<figure class=\"wp-block-image size-large\"><img loading=\"lazy\" decoding=\"async\" width=\"1024\" height=\"461\" src=\"https:\/\/somosdelprieto.com\/wp-content\/uploads\/2022\/12\/20221202_140802-1024x461.jpg\" alt=\"\" class=\"wp-image-13093\" srcset=\"https:\/\/somosdelprieto.com\/wp-content\/uploads\/2022\/12\/20221202_140802-1024x461.jpg 1024w, https:\/\/somosdelprieto.com\/wp-content\/uploads\/2022\/12\/20221202_140802-300x135.jpg 300w, https:\/\/somosdelprieto.com\/wp-content\/uploads\/2022\/12\/20221202_140802-768x346.jpg 768w, https:\/\/somosdelprieto.com\/wp-content\/uploads\/2022\/12\/20221202_140802-1536x691.jpg 1536w, https:\/\/somosdelprieto.com\/wp-content\/uploads\/2022\/12\/20221202_140802-2048x922.jpg 2048w\" sizes=\"auto, (max-width: 767px) 89vw, (max-width: 1000px) 54vw, (max-width: 1071px) 543px, 580px\" \/><\/figure>\n","protected":false},"excerpt":{"rendered":"<p>El pasado viernes 2 de diciembre se celebr\u00f3 en nuestro IES una charla en colaboraci\u00f3n con QUIXOTE INNOVATION sobre matem\u00e1ticas: \u00abMatem\u00e1ticas, unas gafas para ver la vida\u00bb. A esta charla asistieron numeroso alumnos\/as de ESO y Bachillerato. Os dejamos unas fotos del evento.<\/p>\n","protected":false},"author":11,"featured_media":13096,"comment_status":"closed","ping_status":"closed","sticky":false,"template":"","format":"standard","meta":{"footnotes":""},"categories":[1],"tags":[],"class_list":["post-13085","post","type-post","status-publish","format-standard","has-post-thumbnail","hentry","category-noticias"],"_links":{"self":[{"href":"https:\/\/somosdelprieto.com\/index.php\/wp-json\/wp\/v2\/posts\/13085","targetHints":{"allow":["GET"]}}],"collection":[{"href":"https:\/\/somosdelprieto.com\/index.php\/wp-json\/wp\/v2\/posts"}],"about":[{"href":"https:\/\/somosdelprieto.com\/index.php\/wp-json\/wp\/v2\/types\/post"}],"author":[{"embeddable":true,"href":"https:\/\/somosdelprieto.com\/index.php\/wp-json\/wp\/v2\/users\/11"}],"replies":[{"embeddable":true,"href":"https:\/\/somosdelprieto.com\/index.php\/wp-json\/wp\/v2\/comments?post=13085"}],"version-history":[{"count":3,"href":"https:\/\/somosdelprieto.com\/index.php\/wp-json\/wp\/v2\/posts\/13085\/revisions"}],"predecessor-version":[{"id":13104,"href":"https:\/\/somosdelprieto.com\/index.php\/wp-json\/wp\/v2\/posts\/13085\/revisions\/13104"}],"wp:featuredmedia":[{"embeddable":true,"href":"https:\/\/somosdelprieto.com\/index.php\/wp-json\/wp\/v2\/media\/13096"}],"wp:attachment":[{"href":"https:\/\/somosdelprieto.com\/index.php\/wp-json\/wp\/v2\/media?parent=13085"}],"wp:term":[{"taxonomy":"category","embeddable":true,"href":"https:\/\/somosdelprieto.com\/index.php\/wp-json\/wp\/v2\/categories?post=13085"},{"taxonomy":"post_tag","embeddable":true,"href":"https:\/\/somosdelprieto.com\/index.php\/wp-json\/wp\/v2\/tags?post=13085"}],"curies":[{"name":"wp","href":"https:\/\/api.w.org\/{rel}","templated":true}]}}