{"id":13063,"date":"2022-12-04T18:09:45","date_gmt":"2022-12-04T17:09:45","guid":{"rendered":"https:\/\/somosdelprieto.com\/?p=13063"},"modified":"2023-05-02T14:08:24","modified_gmt":"2023-05-02T12:08:24","slug":"sociedad-anonima-laboral","status":"publish","type":"post","link":"https:\/\/somosdelprieto.com\/index.php\/2022\/12\/04\/sociedad-anonima-laboral\/","title":{"rendered":"Sociedad An\u00f3nima Laboral"},"content":{"rendered":"\n<p><strong>Las Sociedades An\u00f3nimas Laborales son Sociedades An\u00f3nimas en las que la mayor\u00eda del capital social es propiedad de los trabajadores que prestan en ellas servicios retribuidos en forma personal y directa, cuya relaci\u00f3n laboral es por tiempo indefinido.<\/strong><\/p>\n\n\n\n<p>Sobre esta sociedad se ha estudiado la normativa de esta forma jur\u00eddica indicando los art\u00edculos que hacen referencia a la escritura de constituci\u00f3n y estatutos, denominaci\u00f3n social y qu\u00e9 libros societarios se exigen.<\/p>\n\n\n\n<p>Por otro lado, se habla de qu\u00e9 objeto social tiene la empresa, c\u00f3mo se va a llamar, qu\u00e9 aportaciones realiza cada socio y qui\u00e9n ser\u00e1 la persona que se encargue de la administraci\u00f3n.<\/p>\n\n\n\n<p>El siguiente punto a tratar es c\u00f3mo se cumplimenta la escritura de constituci\u00f3n y los estatutos de la sociedad.<\/p>\n\n\n\n<p>Tambi\u00e9n se completar\u00e1 el estudio de esta sociedad con otra documentaci\u00f3n necesaria para poder crear esta nueva empresa.<\/p>\n\n\n\n<p>Para terminar, se determina si la sociedad tiene la obligaci\u00f3n de legalizar los libros contables y depositar las cuentas anuales. Tambi\u00e9n se expondr\u00e1n los plazos y tr\u00e1mites que hay que seguir.<\/p>\n\n\n\n<p>Si quieres saber m\u00e1s sobre este tipo de sociedad tan interesante y \u00fatil pincha en el siguiente link.<\/p>\n\n\n\n<p><a href=\"https:\/\/prezi.com\/view\/nW6sRviVvtEtQd1Eti6G\/\">https:\/\/prezi.com\/view\/nW6sRviVvtEtQd1Eti6G\/<\/a><\/p>\n\n\n\n<p>\u00c1lvaro Claros, Alejandro Hern\u00e1ndez, Carlos Jim\u00e9nez, Juan Manuel Carranzo y \u00c1lvaro del Rey (1\u00ba AFI)<\/p>\n","protected":false},"excerpt":{"rendered":"<p>Las Sociedades An\u00f3nimas Laborales son Sociedades An\u00f3nimas en las que la mayor\u00eda del capital social es propiedad de los trabajadores que prestan en ellas servicios retribuidos en forma personal y directa, cuya relaci\u00f3n laboral es por tiempo indefinido. Sobre esta sociedad se ha estudiado la normativa de esta forma jur\u00eddica indicando los art\u00edculos que hacen &hellip; <\/p>\n<p class=\"link-more\"><a href=\"https:\/\/somosdelprieto.com\/index.php\/2022\/12\/04\/sociedad-anonima-laboral\/\" class=\"more-link\">Continuar leyendo<span class=\"screen-reader-text\"> \u00abSociedad An\u00f3nima Laboral\u00bb<\/span><\/a><\/p>\n","protected":false},"author":4,"featured_media":0,"comment_status":"closed","ping_status":"closed","sticky":false,"template":"","format":"standard","meta":{"footnotes":""},"categories":[283],"tags":[261,282],"class_list":["post-13063","post","type-post","status-publish","format-standard","hentry","category-gdje","tag-administracion-de-empresas","tag-gdje"],"_links":{"self":[{"href":"https:\/\/somosdelprieto.com\/index.php\/wp-json\/wp\/v2\/posts\/13063","targetHints":{"allow":["GET"]}}],"collection":[{"href":"https:\/\/somosdelprieto.com\/index.php\/wp-json\/wp\/v2\/posts"}],"about":[{"href":"https:\/\/somosdelprieto.com\/index.php\/wp-json\/wp\/v2\/types\/post"}],"author":[{"embeddable":true,"href":"https:\/\/somosdelprieto.com\/index.php\/wp-json\/wp\/v2\/users\/4"}],"replies":[{"embeddable":true,"href":"https:\/\/somosdelprieto.com\/index.php\/wp-json\/wp\/v2\/comments?post=13063"}],"version-history":[{"count":5,"href":"https:\/\/somosdelprieto.com\/index.php\/wp-json\/wp\/v2\/posts\/13063\/revisions"}],"predecessor-version":[{"id":14724,"href":"https:\/\/somosdelprieto.com\/index.php\/wp-json\/wp\/v2\/posts\/13063\/revisions\/14724"}],"wp:attachment":[{"href":"https:\/\/somosdelprieto.com\/index.php\/wp-json\/wp\/v2\/media?parent=13063"}],"wp:term":[{"taxonomy":"category","embeddable":true,"href":"https:\/\/somosdelprieto.com\/index.php\/wp-json\/wp\/v2\/categories?post=13063"},{"taxonomy":"post_tag","embeddable":true,"href":"https:\/\/somosdelprieto.com\/index.php\/wp-json\/wp\/v2\/tags?post=13063"}],"curies":[{"name":"wp","href":"https:\/\/api.w.org\/{rel}","templated":true}]}}