{"id":12977,"date":"2022-11-25T12:31:06","date_gmt":"2022-11-25T11:31:06","guid":{"rendered":"https:\/\/somosdelprieto.com\/?p=12977"},"modified":"2022-11-26T07:42:51","modified_gmt":"2022-11-26T06:42:51","slug":"excursion-al-parque-de-las-ciencias-en-granada","status":"publish","type":"post","link":"https:\/\/somosdelprieto.com\/index.php\/2022\/11\/25\/excursion-al-parque-de-las-ciencias-en-granada\/","title":{"rendered":"EXCURSI\u00d3N AL PARQUE DE LAS CIENCIAS EN GRANADA"},"content":{"rendered":"\n<p>Los alumnos de 4\u00ba de ESO de Cultura Cient\u00edfica y los de Anatom\u00eda de 1\u00ba de Bachillerato organizado por el Departamento de Biolog\u00eda y Geolog\u00eda nos fuimos de excursi\u00f3n el pasado 17 de Noviembre.<\/p>\n\n\n\n<figure class=\"wp-block-image size-large\"><img loading=\"lazy\" decoding=\"async\" width=\"1024\" height=\"498\" src=\"https:\/\/somosdelprieto.com\/wp-content\/uploads\/2022\/11\/20221117_170442-1024x498.jpg\" alt=\"\" class=\"wp-image-12978\" srcset=\"https:\/\/somosdelprieto.com\/wp-content\/uploads\/2022\/11\/20221117_170442-1024x498.jpg 1024w, https:\/\/somosdelprieto.com\/wp-content\/uploads\/2022\/11\/20221117_170442-300x146.jpg 300w, https:\/\/somosdelprieto.com\/wp-content\/uploads\/2022\/11\/20221117_170442-768x373.jpg 768w, https:\/\/somosdelprieto.com\/wp-content\/uploads\/2022\/11\/20221117_170442-1536x747.jpg 1536w, https:\/\/somosdelprieto.com\/wp-content\/uploads\/2022\/11\/20221117_170442-2048x996.jpg 2048w\" sizes=\"auto, (max-width: 767px) 89vw, (max-width: 1000px) 54vw, (max-width: 1071px) 543px, 580px\" \/><\/figure>\n\n\n\n<div class=\"wp-block-group\"><div class=\"wp-block-group__inner-container is-layout-flow wp-block-group-is-layout-flow\">\n<figure class=\"wp-block-image size-large is-resized\"><img loading=\"lazy\" decoding=\"async\" src=\"https:\/\/somosdelprieto.com\/wp-content\/uploads\/2022\/11\/20221117_121258-1-1024x498.jpg\" alt=\"\" class=\"wp-image-12979\" width=\"314\" height=\"152\" srcset=\"https:\/\/somosdelprieto.com\/wp-content\/uploads\/2022\/11\/20221117_121258-1-1024x498.jpg 1024w, https:\/\/somosdelprieto.com\/wp-content\/uploads\/2022\/11\/20221117_121258-1-300x146.jpg 300w, https:\/\/somosdelprieto.com\/wp-content\/uploads\/2022\/11\/20221117_121258-1-768x373.jpg 768w, https:\/\/somosdelprieto.com\/wp-content\/uploads\/2022\/11\/20221117_121258-1-1536x747.jpg 1536w, https:\/\/somosdelprieto.com\/wp-content\/uploads\/2022\/11\/20221117_121258-1-2048x996.jpg 2048w\" sizes=\"auto, (max-width: 314px) 100vw, 314px\" \/><\/figure>\n\n\n\n<figure class=\"wp-block-image size-large is-resized\"><img loading=\"lazy\" decoding=\"async\" src=\"https:\/\/somosdelprieto.com\/wp-content\/uploads\/2022\/11\/20221117_125110-498x1024.jpg\" alt=\"\" class=\"wp-image-12982\" width=\"197\" height=\"404\" srcset=\"https:\/\/somosdelprieto.com\/wp-content\/uploads\/2022\/11\/20221117_125110-498x1024.jpg 498w, https:\/\/somosdelprieto.com\/wp-content\/uploads\/2022\/11\/20221117_125110-146x300.jpg 146w, https:\/\/somosdelprieto.com\/wp-content\/uploads\/2022\/11\/20221117_125110-768x1580.jpg 768w, https:\/\/somosdelprieto.com\/wp-content\/uploads\/2022\/11\/20221117_125110-747x1536.jpg 747w, https:\/\/somosdelprieto.com\/wp-content\/uploads\/2022\/11\/20221117_125110-996x2048.jpg 996w, https:\/\/somosdelprieto.com\/wp-content\/uploads\/2022\/11\/20221117_125110-scaled.jpg 1244w\" sizes=\"auto, (max-width: 197px) 100vw, 197px\" \/><figcaption>El biodomo<\/figcaption><\/figure>\n\n\n\n<figure class=\"wp-block-image size-large is-resized\"><img loading=\"lazy\" decoding=\"async\" src=\"https:\/\/somosdelprieto.com\/wp-content\/uploads\/2022\/11\/20221117_111916-498x1024.jpg\" alt=\"\" class=\"wp-image-12983\" width=\"160\" height=\"329\" srcset=\"https:\/\/somosdelprieto.com\/wp-content\/uploads\/2022\/11\/20221117_111916-498x1024.jpg 498w, https:\/\/somosdelprieto.com\/wp-content\/uploads\/2022\/11\/20221117_111916-146x300.jpg 146w, https:\/\/somosdelprieto.com\/wp-content\/uploads\/2022\/11\/20221117_111916-768x1580.jpg 768w, https:\/\/somosdelprieto.com\/wp-content\/uploads\/2022\/11\/20221117_111916-747x1536.jpg 747w, https:\/\/somosdelprieto.com\/wp-content\/uploads\/2022\/11\/20221117_111916-996x2048.jpg 996w, https:\/\/somosdelprieto.com\/wp-content\/uploads\/2022\/11\/20221117_111916-scaled.jpg 1244w\" sizes=\"auto, (max-width: 160px) 100vw, 160px\" \/><figcaption>El wow<\/figcaption><\/figure>\n\n\n\n<figure class=\"wp-block-image size-large\"><img loading=\"lazy\" decoding=\"async\" width=\"1024\" height=\"498\" src=\"https:\/\/somosdelprieto.com\/wp-content\/uploads\/2022\/11\/20221117_115949-1024x498.jpg\" alt=\"\" class=\"wp-image-12984\" srcset=\"https:\/\/somosdelprieto.com\/wp-content\/uploads\/2022\/11\/20221117_115949-1024x498.jpg 1024w, https:\/\/somosdelprieto.com\/wp-content\/uploads\/2022\/11\/20221117_115949-300x146.jpg 300w, https:\/\/somosdelprieto.com\/wp-content\/uploads\/2022\/11\/20221117_115949-768x373.jpg 768w, https:\/\/somosdelprieto.com\/wp-content\/uploads\/2022\/11\/20221117_115949-1536x747.jpg 1536w, https:\/\/somosdelprieto.com\/wp-content\/uploads\/2022\/11\/20221117_115949-2048x996.jpg 2048w\" sizes=\"auto, (max-width: 767px) 89vw, (max-width: 1000px) 54vw, (max-width: 1071px) 543px, 580px\" \/><\/figure>\n<\/div><\/div>\n\n\n\n<p> Gracias a todos los participantes , fue un buen d\u00eda para recordar. <\/p>\n","protected":false},"excerpt":{"rendered":"<p>Los alumnos de 4\u00ba de ESO de Cultura Cient\u00edfica y los de Anatom\u00eda de 1\u00ba de Bachillerato organizado por el Departamento de Biolog\u00eda y Geolog\u00eda nos fuimos de excursi\u00f3n el pasado 17 de Noviembre. Gracias a todos los participantes , fue un buen d\u00eda para recordar.<\/p>\n","protected":false},"author":20,"featured_media":12981,"comment_status":"closed","ping_status":"closed","sticky":false,"template":"","format":"standard","meta":{"footnotes":""},"categories":[1],"tags":[252],"class_list":["post-12977","post","type-post","status-publish","format-standard","has-post-thumbnail","hentry","category-noticias","tag-biologia-2"],"_links":{"self":[{"href":"https:\/\/somosdelprieto.com\/index.php\/wp-json\/wp\/v2\/posts\/12977","targetHints":{"allow":["GET"]}}],"collection":[{"href":"https:\/\/somosdelprieto.com\/index.php\/wp-json\/wp\/v2\/posts"}],"about":[{"href":"https:\/\/somosdelprieto.com\/index.php\/wp-json\/wp\/v2\/types\/post"}],"author":[{"embeddable":true,"href":"https:\/\/somosdelprieto.com\/index.php\/wp-json\/wp\/v2\/users\/20"}],"replies":[{"embeddable":true,"href":"https:\/\/somosdelprieto.com\/index.php\/wp-json\/wp\/v2\/comments?post=12977"}],"version-history":[{"count":5,"href":"https:\/\/somosdelprieto.com\/index.php\/wp-json\/wp\/v2\/posts\/12977\/revisions"}],"predecessor-version":[{"id":13004,"href":"https:\/\/somosdelprieto.com\/index.php\/wp-json\/wp\/v2\/posts\/12977\/revisions\/13004"}],"wp:featuredmedia":[{"embeddable":true,"href":"https:\/\/somosdelprieto.com\/index.php\/wp-json\/wp\/v2\/media\/12981"}],"wp:attachment":[{"href":"https:\/\/somosdelprieto.com\/index.php\/wp-json\/wp\/v2\/media?parent=12977"}],"wp:term":[{"taxonomy":"category","embeddable":true,"href":"https:\/\/somosdelprieto.com\/index.php\/wp-json\/wp\/v2\/categories?post=12977"},{"taxonomy":"post_tag","embeddable":true,"href":"https:\/\/somosdelprieto.com\/index.php\/wp-json\/wp\/v2\/tags?post=12977"}],"curies":[{"name":"wp","href":"https:\/\/api.w.org\/{rel}","templated":true}]}}