{"id":12590,"date":"2022-09-14T17:21:23","date_gmt":"2022-09-14T15:21:23","guid":{"rendered":"https:\/\/somosdelprieto.com\/?p=12590"},"modified":"2022-09-14T17:21:23","modified_gmt":"2022-09-14T15:21:23","slug":"encuentro-erasmus-en-portugal","status":"publish","type":"post","link":"https:\/\/somosdelprieto.com\/index.php\/2022\/09\/14\/encuentro-erasmus-en-portugal\/","title":{"rendered":"Encuentro Erasmus en Portugal"},"content":{"rendered":"\n<p>Continuando con el Proyecto Erasmus K-201 \u201cHigh Five\u201d sobre inclusi\u00f3n, profesorado del departamento de Educaci\u00f3n F\u00edsica y M\u00fasica (Pilar S\u00e1nchez, Virginia Vidal y Sergio Pedrera), participaron la semana del 5 al 9 de septiembre en el tercer encuentro celebrado en la ciudad de Braga (Portugal), teniendo al Agrupamento de Escolas Trigal Santa Maria de Tadim como centro anfitri\u00f3n.<\/p>\n\n\n\n<figure class=\"wp-block-image size-large\"><img loading=\"lazy\" decoding=\"async\" width=\"723\" height=\"1024\" src=\"https:\/\/somosdelprieto.com\/wp-content\/uploads\/2022\/09\/IMG_7118-723x1024.jpg\" alt=\"\" class=\"wp-image-12591\" srcset=\"https:\/\/somosdelprieto.com\/wp-content\/uploads\/2022\/09\/IMG_7118-723x1024.jpg 723w, https:\/\/somosdelprieto.com\/wp-content\/uploads\/2022\/09\/IMG_7118-212x300.jpg 212w, https:\/\/somosdelprieto.com\/wp-content\/uploads\/2022\/09\/IMG_7118-768x1088.jpg 768w, https:\/\/somosdelprieto.com\/wp-content\/uploads\/2022\/09\/IMG_7118-1084x1536.jpg 1084w, https:\/\/somosdelprieto.com\/wp-content\/uploads\/2022\/09\/IMG_7118-1446x2048.jpg 1446w, https:\/\/somosdelprieto.com\/wp-content\/uploads\/2022\/09\/IMG_7118-scaled.jpg 1807w\" sizes=\"auto, (max-width: 723px) 100vw, 723px\" \/><\/figure>\n\n\n\n<p>El proyecto, coordinado por un centro de orientaci\u00f3n pedag\u00f3gica de Turqu\u00eda y en el que participa el IES Gregorio Prieto junto con otros centros educativos de Portugal, Turqu\u00eda, Italia y Ruman\u00eda, gira en torno al tema de la inclusi\u00f3n y consiste en la puesta en marcha de un plan para trabajar con alumnado vulnerable y con dificultades de aprendizaje a trav\u00e9s de diferentes \u00e1reas y talleres (danza, m\u00fasica, teatro, cer\u00e1mica y pensamiento computacional).&nbsp;<\/p>\n\n\n\n<p>La primera movilidad se realiz\u00f3 en Ruman\u00eda y estuvo orientada a la danza. En la segunda, nuestro centro fue el encargado de organizar la acogida y el desarrollo curricular gir\u00f3 en torno al teatro.&nbsp; Esta vez, el centro portugu\u00e9s se ha ocupado de formarnos a trav\u00e9s de orientaciones metodol\u00f3gicas a trav\u00e9s de varios talleres&nbsp; musicales.<\/p>\n\n\n\n<p>Esta movilidad se ha completado con otras actividades como la la recepci\u00f3n institucional en el ayuntamiento por el alcalde de Braga, la visita a varios centros de educaci\u00f3n especial especializados en potenciar el \u00e1rea art\u00edstica y otras actividades de car\u00e1cter m\u00e1s cultural como las visitas a las ciudades de Braga y Oporto.<\/p>\n\n\n\n<figure class=\"wp-block-image size-large\"><img loading=\"lazy\" decoding=\"async\" width=\"1024\" height=\"769\" src=\"https:\/\/somosdelprieto.com\/wp-content\/uploads\/2022\/09\/305788730_489039069351746_5808876714073360513_n-1024x769.jpg\" alt=\"\" class=\"wp-image-12592\" srcset=\"https:\/\/somosdelprieto.com\/wp-content\/uploads\/2022\/09\/305788730_489039069351746_5808876714073360513_n-1024x769.jpg 1024w, https:\/\/somosdelprieto.com\/wp-content\/uploads\/2022\/09\/305788730_489039069351746_5808876714073360513_n-300x225.jpg 300w, https:\/\/somosdelprieto.com\/wp-content\/uploads\/2022\/09\/305788730_489039069351746_5808876714073360513_n-768x577.jpg 768w, https:\/\/somosdelprieto.com\/wp-content\/uploads\/2022\/09\/305788730_489039069351746_5808876714073360513_n.jpg 1440w\" sizes=\"auto, (max-width: 767px) 89vw, (max-width: 1000px) 54vw, (max-width: 1071px) 543px, 580px\" \/><\/figure>\n\n\n\n<figure class=\"wp-block-image size-large\"><img loading=\"lazy\" decoding=\"async\" width=\"1024\" height=\"769\" src=\"https:\/\/somosdelprieto.com\/wp-content\/uploads\/2022\/09\/305951675_780912526564527_2457059100917901282_n-1024x769.jpg\" alt=\"\" class=\"wp-image-12594\" srcset=\"https:\/\/somosdelprieto.com\/wp-content\/uploads\/2022\/09\/305951675_780912526564527_2457059100917901282_n-1024x769.jpg 1024w, https:\/\/somosdelprieto.com\/wp-content\/uploads\/2022\/09\/305951675_780912526564527_2457059100917901282_n-300x225.jpg 300w, https:\/\/somosdelprieto.com\/wp-content\/uploads\/2022\/09\/305951675_780912526564527_2457059100917901282_n-768x577.jpg 768w, https:\/\/somosdelprieto.com\/wp-content\/uploads\/2022\/09\/305951675_780912526564527_2457059100917901282_n.jpg 1440w\" sizes=\"auto, (max-width: 767px) 89vw, (max-width: 1000px) 54vw, (max-width: 1071px) 543px, 580px\" \/><\/figure>\n\n\n\n<figure class=\"wp-block-image size-large\"><img loading=\"lazy\" decoding=\"async\" width=\"718\" height=\"540\" src=\"https:\/\/somosdelprieto.com\/wp-content\/uploads\/2022\/09\/305817953_5539229042789309_2689346810783624056_n.jpg\" alt=\"\" class=\"wp-image-12593\" srcset=\"https:\/\/somosdelprieto.com\/wp-content\/uploads\/2022\/09\/305817953_5539229042789309_2689346810783624056_n.jpg 718w, https:\/\/somosdelprieto.com\/wp-content\/uploads\/2022\/09\/305817953_5539229042789309_2689346810783624056_n-300x226.jpg 300w\" sizes=\"auto, (max-width: 718px) 100vw, 718px\" \/><\/figure>\n\n\n\n<figure class=\"wp-block-image size-large\"><img loading=\"lazy\" decoding=\"async\" width=\"1024\" height=\"473\" src=\"https:\/\/somosdelprieto.com\/wp-content\/uploads\/2022\/09\/IMG_7236-1024x473.png\" alt=\"\" class=\"wp-image-12596\" srcset=\"https:\/\/somosdelprieto.com\/wp-content\/uploads\/2022\/09\/IMG_7236-1024x473.png 1024w, https:\/\/somosdelprieto.com\/wp-content\/uploads\/2022\/09\/IMG_7236-300x139.png 300w, https:\/\/somosdelprieto.com\/wp-content\/uploads\/2022\/09\/IMG_7236-768x355.png 768w, https:\/\/somosdelprieto.com\/wp-content\/uploads\/2022\/09\/IMG_7236-1536x709.png 1536w, https:\/\/somosdelprieto.com\/wp-content\/uploads\/2022\/09\/IMG_7236-2048x946.png 2048w\" sizes=\"auto, (max-width: 767px) 89vw, (max-width: 1000px) 54vw, (max-width: 1071px) 543px, 580px\" \/><\/figure>\n\n\n\n<figure class=\"wp-block-image size-large\"><img loading=\"lazy\" decoding=\"async\" width=\"576\" height=\"1024\" src=\"https:\/\/somosdelprieto.com\/wp-content\/uploads\/2022\/09\/PHOTO-2022-09-06-20-12-37-576x1024.jpg\" alt=\"\" class=\"wp-image-12597\" srcset=\"https:\/\/somosdelprieto.com\/wp-content\/uploads\/2022\/09\/PHOTO-2022-09-06-20-12-37-576x1024.jpg 576w, https:\/\/somosdelprieto.com\/wp-content\/uploads\/2022\/09\/PHOTO-2022-09-06-20-12-37-169x300.jpg 169w, https:\/\/somosdelprieto.com\/wp-content\/uploads\/2022\/09\/PHOTO-2022-09-06-20-12-37-768x1365.jpg 768w, https:\/\/somosdelprieto.com\/wp-content\/uploads\/2022\/09\/PHOTO-2022-09-06-20-12-37-864x1536.jpg 864w, https:\/\/somosdelprieto.com\/wp-content\/uploads\/2022\/09\/PHOTO-2022-09-06-20-12-37.jpg 1152w\" sizes=\"auto, (max-width: 576px) 100vw, 576px\" \/><\/figure>\n\n\n\n<figure class=\"wp-block-image size-large\"><img loading=\"lazy\" decoding=\"async\" width=\"1024\" height=\"768\" src=\"https:\/\/somosdelprieto.com\/wp-content\/uploads\/2022\/09\/305567864_3548016908813978_1566824606669677712_n-1024x768.jpg\" alt=\"\" class=\"wp-image-12595\" srcset=\"https:\/\/somosdelprieto.com\/wp-content\/uploads\/2022\/09\/305567864_3548016908813978_1566824606669677712_n-1024x768.jpg 1024w, https:\/\/somosdelprieto.com\/wp-content\/uploads\/2022\/09\/305567864_3548016908813978_1566824606669677712_n-300x225.jpg 300w, https:\/\/somosdelprieto.com\/wp-content\/uploads\/2022\/09\/305567864_3548016908813978_1566824606669677712_n-768x576.jpg 768w, https:\/\/somosdelprieto.com\/wp-content\/uploads\/2022\/09\/305567864_3548016908813978_1566824606669677712_n.jpg 1440w\" sizes=\"auto, (max-width: 767px) 89vw, (max-width: 1000px) 54vw, (max-width: 1071px) 543px, 580px\" \/><\/figure>\n","protected":false},"excerpt":{"rendered":"<p>Continuando con el Proyecto Erasmus K-201 \u201cHigh Five\u201d sobre inclusi\u00f3n, profesorado del departamento de Educaci\u00f3n F\u00edsica y M\u00fasica (Pilar S\u00e1nchez, Virginia Vidal y Sergio Pedrera), participaron la semana del 5 al 9 de septiembre en el tercer encuentro celebrado en la ciudad de Braga (Portugal), teniendo al Agrupamento de Escolas Trigal Santa Maria de Tadim &hellip; <\/p>\n<p class=\"link-more\"><a href=\"https:\/\/somosdelprieto.com\/index.php\/2022\/09\/14\/encuentro-erasmus-en-portugal\/\" class=\"more-link\">Continuar leyendo<span class=\"screen-reader-text\"> \u00abEncuentro Erasmus en Portugal\u00bb<\/span><\/a><\/p>\n","protected":false},"author":36,"featured_media":204,"comment_status":"closed","ping_status":"closed","sticky":false,"template":"","format":"standard","meta":{"footnotes":""},"categories":[26,4,106,39,1],"tags":[151,143,102,265,93],"class_list":["post-12590","post","type-post","status-publish","format-standard","has-post-thumbnail","hentry","category-educacion-fisica","category-erasmus","category-formacion","category-musica","category-noticias","tag-nosimportalamusica","tag-erasmus","tag-formacion","tag-integracion","tag-musica"],"_links":{"self":[{"href":"https:\/\/somosdelprieto.com\/index.php\/wp-json\/wp\/v2\/posts\/12590","targetHints":{"allow":["GET"]}}],"collection":[{"href":"https:\/\/somosdelprieto.com\/index.php\/wp-json\/wp\/v2\/posts"}],"about":[{"href":"https:\/\/somosdelprieto.com\/index.php\/wp-json\/wp\/v2\/types\/post"}],"author":[{"embeddable":true,"href":"https:\/\/somosdelprieto.com\/index.php\/wp-json\/wp\/v2\/users\/36"}],"replies":[{"embeddable":true,"href":"https:\/\/somosdelprieto.com\/index.php\/wp-json\/wp\/v2\/comments?post=12590"}],"version-history":[{"count":4,"href":"https:\/\/somosdelprieto.com\/index.php\/wp-json\/wp\/v2\/posts\/12590\/revisions"}],"predecessor-version":[{"id":12601,"href":"https:\/\/somosdelprieto.com\/index.php\/wp-json\/wp\/v2\/posts\/12590\/revisions\/12601"}],"wp:featuredmedia":[{"embeddable":true,"href":"https:\/\/somosdelprieto.com\/index.php\/wp-json\/wp\/v2\/media\/204"}],"wp:attachment":[{"href":"https:\/\/somosdelprieto.com\/index.php\/wp-json\/wp\/v2\/media?parent=12590"}],"wp:term":[{"taxonomy":"category","embeddable":true,"href":"https:\/\/somosdelprieto.com\/index.php\/wp-json\/wp\/v2\/categories?post=12590"},{"taxonomy":"post_tag","embeddable":true,"href":"https:\/\/somosdelprieto.com\/index.php\/wp-json\/wp\/v2\/tags?post=12590"}],"curies":[{"name":"wp","href":"https:\/\/api.w.org\/{rel}","templated":true}]}}