{"id":12529,"date":"2022-08-31T11:41:31","date_gmt":"2022-08-31T09:41:31","guid":{"rendered":"https:\/\/somosdelprieto.com\/?p=12529"},"modified":"2022-09-07T22:55:47","modified_gmt":"2022-09-07T20:55:47","slug":"calendario-de-acogida-y-de-inicio-de-curso-del-alumnado-2022-2023","status":"publish","type":"post","link":"https:\/\/somosdelprieto.com\/index.php\/2022\/08\/31\/calendario-de-acogida-y-de-inicio-de-curso-del-alumnado-2022-2023\/","title":{"rendered":"CALENDARIO DE ACOGIDA Y DE INICIO DE CURSO DEL\u00a0ALUMNADO 2022-2023"},"content":{"rendered":"\n<p class=\"has-luminous-vivid-amber-background-color has-background has-large-font-size\"><strong>ACTUALIZADO<\/strong><\/p>\n\n\n\n<p>A continuaci\u00f3n mostramos una presentaci\u00f3n con el calendario de acogida del alumnado para el curso 2022-2023<\/p>\n\n\n\n<ul class=\"wp-block-list\"><li>D\u00eda 9 de septiembre: ESO, Bachillerato, ciclos formativos de grado b\u00e1sico y PE FP Jardiner\u00eda <\/li><\/ul>\n\n\n\n<ul class=\"wp-block-list\"><li>D\u00eda 12 de septiembre: Ciclos formativos de grado medio y superior<\/li><\/ul>\n\n\n\n<div style=\"width: 100%;\"><div style=\"position: relative; padding-bottom: 56.25%; padding-top: 0; height: 0;\"><iframe loading=\"lazy\" frameborder=\"0\" width=\"1200\" height=\"675\" style=\"position: absolute; top: 0; left: 0; width: 100%; height: 100%;\" src=\"https:\/\/view.genial.ly\/6318e07205ef900011fc65ed\" type=\"text\/html\" allowscriptaccess=\"always\" allowfullscreen=\"true\" scrolling=\"yes\" allownetworking=\"all\"><\/iframe> <\/div> <\/div>\n","protected":false},"excerpt":{"rendered":"<p>ACTUALIZADO A continuaci\u00f3n mostramos una presentaci\u00f3n con el calendario de acogida del alumnado para el curso 2022-2023 D\u00eda 9 de septiembre: ESO, Bachillerato, ciclos formativos de grado b\u00e1sico y PE FP Jardiner\u00eda D\u00eda 12 de septiembre: Ciclos formativos de grado medio y superior<\/p>\n","protected":false},"author":4,"featured_media":12530,"comment_status":"closed","ping_status":"closed","sticky":false,"template":"","format":"standard","meta":{"footnotes":""},"categories":[183,1],"tags":[],"class_list":["post-12529","post","type-post","status-publish","format-standard","has-post-thumbnail","hentry","category-acogida","category-noticias"],"_links":{"self":[{"href":"https:\/\/somosdelprieto.com\/index.php\/wp-json\/wp\/v2\/posts\/12529","targetHints":{"allow":["GET"]}}],"collection":[{"href":"https:\/\/somosdelprieto.com\/index.php\/wp-json\/wp\/v2\/posts"}],"about":[{"href":"https:\/\/somosdelprieto.com\/index.php\/wp-json\/wp\/v2\/types\/post"}],"author":[{"embeddable":true,"href":"https:\/\/somosdelprieto.com\/index.php\/wp-json\/wp\/v2\/users\/4"}],"replies":[{"embeddable":true,"href":"https:\/\/somosdelprieto.com\/index.php\/wp-json\/wp\/v2\/comments?post=12529"}],"version-history":[{"count":6,"href":"https:\/\/somosdelprieto.com\/index.php\/wp-json\/wp\/v2\/posts\/12529\/revisions"}],"predecessor-version":[{"id":12568,"href":"https:\/\/somosdelprieto.com\/index.php\/wp-json\/wp\/v2\/posts\/12529\/revisions\/12568"}],"wp:featuredmedia":[{"embeddable":true,"href":"https:\/\/somosdelprieto.com\/index.php\/wp-json\/wp\/v2\/media\/12530"}],"wp:attachment":[{"href":"https:\/\/somosdelprieto.com\/index.php\/wp-json\/wp\/v2\/media?parent=12529"}],"wp:term":[{"taxonomy":"category","embeddable":true,"href":"https:\/\/somosdelprieto.com\/index.php\/wp-json\/wp\/v2\/categories?post=12529"},{"taxonomy":"post_tag","embeddable":true,"href":"https:\/\/somosdelprieto.com\/index.php\/wp-json\/wp\/v2\/tags?post=12529"}],"curies":[{"name":"wp","href":"https:\/\/api.w.org\/{rel}","templated":true}]}}