{"id":12519,"date":"2022-08-16T12:00:08","date_gmt":"2022-08-16T10:00:08","guid":{"rendered":"https:\/\/somosdelprieto.com\/?p=12519"},"modified":"2022-08-16T12:00:08","modified_gmt":"2022-08-16T10:00:08","slug":"propuesta-de-resolucion-provisional-de-la-convocatoria-de-ayudas-de-comedores-escolares-y-libros-de-texto-curso-2022-2023","status":"publish","type":"post","link":"https:\/\/somosdelprieto.com\/index.php\/2022\/08\/16\/propuesta-de-resolucion-provisional-de-la-convocatoria-de-ayudas-de-comedores-escolares-y-libros-de-texto-curso-2022-2023\/","title":{"rendered":"Propuesta de resoluci\u00f3n provisional de la Convocatoria de Ayudas de Comedores Escolares y Libros de Texto. Curso 2022\/2023"},"content":{"rendered":"\n<p>Propuesta de Resoluci\u00f3n Provisional de solicitudes concedidas y denegadas correspondiente a la convocatoria consistente en el uso de libros de texto por el alumnado de educaci\u00f3n primaria y secundaria obligatoria y de comedor escolar para el alumnado de segundo ciclo de educaci\u00f3n infantil y educaci\u00f3n primaria, matriculados en centros sostenidos con fondos p\u00fablicos de Castilla la Mancha. Curso 2022\/2023.<\/p>\n\n\n\n<p>Podr\u00e1 consultar el resultado de su solicitud desde la secretaria virtual de la&nbsp;<a href=\"https:\/\/educamosclm.castillalamancha.es\/\" target=\"_blank\" rel=\"noreferrer noopener\">plataforma EducamosCLM<\/a>&nbsp;&gt; Como van mis tr\u00e1mites &gt; hacer clic en el nombre del solicitante (del tr\u00e1mite Solicitud de Ayuda para Libros y Comedores Escolares. Curso 2022\/2023) y seleccionar la opci\u00f3n \u201c<strong>Datos de la solicitud<\/strong>\u201d.<\/p>\n\n\n\n<p>A partir del d\u00eda&nbsp;<strong>17 de agosto<\/strong>, se habilitar\u00e1 la opci\u00f3n \u00abPresentar reclamaci\u00f3n\u00bb en ese mismo men\u00fa.<\/p>\n\n\n\n<p>Contra esta propuesta de resoluci\u00f3n provisional podr\u00e1n presentar reclamaci\u00f3n en el plazo de 10 d\u00edas h\u00e1biles a contar desde el d\u00eda siguiente al de su publicaci\u00f3n.<\/p>\n\n\n\n<ul class=\"wp-block-list\"><li><strong>Plazo de reclamaci\u00f3n del 17 al 30 de agosto ambos incluidos.<\/strong><\/li><\/ul>\n\n\n\n<p>Para m\u00e1s informaci\u00f3n, clica <a href=\"https:\/\/www.educa.jccm.es\/alumnado\/es\/servicios-educativos\/materiales-curriculares\/convocatoria-ayudas-materiales-curriculares\/convocatoria-ayudas-comedores-escolares-libros-texto-curso\/propuesta-resolucion-provisional-convocatoria-ayudas-comedo\" target=\"_blank\" rel=\"noreferrer noopener\">aqu\u00ed<\/a><\/p>\n","protected":false},"excerpt":{"rendered":"<p>Propuesta de Resoluci\u00f3n Provisional de solicitudes concedidas y denegadas correspondiente a la convocatoria consistente en el uso de libros de texto por el alumnado de educaci\u00f3n primaria y secundaria obligatoria y de comedor escolar para el alumnado de segundo ciclo de educaci\u00f3n infantil y educaci\u00f3n primaria, matriculados en centros sostenidos con fondos p\u00fablicos de Castilla &hellip; <\/p>\n<p class=\"link-more\"><a href=\"https:\/\/somosdelprieto.com\/index.php\/2022\/08\/16\/propuesta-de-resolucion-provisional-de-la-convocatoria-de-ayudas-de-comedores-escolares-y-libros-de-texto-curso-2022-2023\/\" class=\"more-link\">Continuar leyendo<span class=\"screen-reader-text\"> \u00abPropuesta de resoluci\u00f3n provisional de la Convocatoria de Ayudas de Comedores Escolares y Libros de Texto. Curso 2022\/2023\u00bb<\/span><\/a><\/p>\n","protected":false},"author":4,"featured_media":10754,"comment_status":"closed","ping_status":"closed","sticky":false,"template":"","format":"standard","meta":{"footnotes":""},"categories":[268,1],"tags":[269],"class_list":["post-12519","post","type-post","status-publish","format-standard","has-post-thumbnail","hentry","category-gratuidad","category-noticias","tag-ayudas"],"_links":{"self":[{"href":"https:\/\/somosdelprieto.com\/index.php\/wp-json\/wp\/v2\/posts\/12519","targetHints":{"allow":["GET"]}}],"collection":[{"href":"https:\/\/somosdelprieto.com\/index.php\/wp-json\/wp\/v2\/posts"}],"about":[{"href":"https:\/\/somosdelprieto.com\/index.php\/wp-json\/wp\/v2\/types\/post"}],"author":[{"embeddable":true,"href":"https:\/\/somosdelprieto.com\/index.php\/wp-json\/wp\/v2\/users\/4"}],"replies":[{"embeddable":true,"href":"https:\/\/somosdelprieto.com\/index.php\/wp-json\/wp\/v2\/comments?post=12519"}],"version-history":[{"count":1,"href":"https:\/\/somosdelprieto.com\/index.php\/wp-json\/wp\/v2\/posts\/12519\/revisions"}],"predecessor-version":[{"id":12520,"href":"https:\/\/somosdelprieto.com\/index.php\/wp-json\/wp\/v2\/posts\/12519\/revisions\/12520"}],"wp:featuredmedia":[{"embeddable":true,"href":"https:\/\/somosdelprieto.com\/index.php\/wp-json\/wp\/v2\/media\/10754"}],"wp:attachment":[{"href":"https:\/\/somosdelprieto.com\/index.php\/wp-json\/wp\/v2\/media?parent=12519"}],"wp:term":[{"taxonomy":"category","embeddable":true,"href":"https:\/\/somosdelprieto.com\/index.php\/wp-json\/wp\/v2\/categories?post=12519"},{"taxonomy":"post_tag","embeddable":true,"href":"https:\/\/somosdelprieto.com\/index.php\/wp-json\/wp\/v2\/tags?post=12519"}],"curies":[{"name":"wp","href":"https:\/\/api.w.org\/{rel}","templated":true}]}}