{"id":12382,"date":"2022-07-07T13:32:28","date_gmt":"2022-07-07T11:32:28","guid":{"rendered":"https:\/\/somosdelprieto.com\/?p=12382"},"modified":"2022-07-07T13:46:06","modified_gmt":"2022-07-07T11:46:06","slug":"reunion-con-las-familias-del-alumnado-de-1o-y-2o-eso-miercoles-13-de-julio-a-las-2000-horas","status":"publish","type":"post","link":"https:\/\/somosdelprieto.com\/index.php\/2022\/07\/07\/reunion-con-las-familias-del-alumnado-de-1o-y-2o-eso-miercoles-13-de-julio-a-las-2000-horas\/","title":{"rendered":"REUNI\u00d3N CON LAS FAMILIAS DEL ALUMNADO DE 1\u00ba Y 2\u00ba ESO: MI\u00c9RCOLES 13 DE JULIO A LAS 20:00 HORAS"},"content":{"rendered":"\n<p>Las familias del alumnado que el pr\u00f3ximo curso har\u00e1 1\u00ba y 2\u00ba ESO en nuestro centro, est\u00e1n convocadas a una reuni\u00f3n que celebraremos el pr\u00f3ximo d\u00eda 13 de julio (mi\u00e9rcoles) a las 20:00 horas <\/p>\n\n\n\n<p>La reuni\u00f3n, que girar\u00e1 b\u00e1sicamente en torno al Proyecto Carmenta, ser\u00e1 presencial en el sal\u00f3n de actos del Edificio Principal. No obstante, siendo conscientes de que muchas familias pueden estar de vacaciones en esa fecha, se har\u00e1 simult\u00e1neamente por videoconferencia (TEAMS). El enlace es:<\/p>\n\n\n\n<p><a href=\"https:\/\/teams.microsoft.com\/l\/meetup-join\/19%3ab8f26c5bef5649508d10ed1821ab76e9%40thread.tacv2\/1657186242040?context=%7b%22Tid%22%3a%2289c20218-3c3e-4bda-832d-ff5157221c3b%22%2c%22Oid%22%3a%224b378d37-1514-4dad-bcdc-e2cee5c71f1c%22%7d\">https:\/\/teams.microsoft.com\/l\/meetup-join\/19%3ab8f26c5bef5649508d10ed1821ab76e9%40thread.tacv2\/1657186242040?context=%7b%22Tid%22%3a%2289c20218-3c3e-4bda-832d-ff5157221c3b%22%2c%22Oid%22%3a%224b378d37-1514-4dad-bcdc-e2cee5c71f1c%22%7d<\/a><\/p>\n\n\n\n<p><\/p>\n","protected":false},"excerpt":{"rendered":"<p>Las familias del alumnado que el pr\u00f3ximo curso har\u00e1 1\u00ba y 2\u00ba ESO en nuestro centro, est\u00e1n convocadas a una reuni\u00f3n que celebraremos el pr\u00f3ximo d\u00eda 13 de julio (mi\u00e9rcoles) a las 20:00 horas La reuni\u00f3n, que girar\u00e1 b\u00e1sicamente en torno al Proyecto Carmenta, ser\u00e1 presencial en el sal\u00f3n de actos del Edificio Principal. No &hellip; <\/p>\n<p class=\"link-more\"><a href=\"https:\/\/somosdelprieto.com\/index.php\/2022\/07\/07\/reunion-con-las-familias-del-alumnado-de-1o-y-2o-eso-miercoles-13-de-julio-a-las-2000-horas\/\" class=\"more-link\">Continuar leyendo<span class=\"screen-reader-text\"> \u00abREUNI\u00d3N CON LAS FAMILIAS DEL ALUMNADO DE 1\u00ba Y 2\u00ba ESO: MI\u00c9RCOLES 13 DE JULIO A LAS 20:00 HORAS\u00bb<\/span><\/a><\/p>\n","protected":false},"author":4,"featured_media":9394,"comment_status":"closed","ping_status":"closed","sticky":false,"template":"","format":"standard","meta":{"footnotes":""},"categories":[121,1],"tags":[],"class_list":["post-12382","post","type-post","status-publish","format-standard","has-post-thumbnail","hentry","category-carmenta","category-noticias"],"_links":{"self":[{"href":"https:\/\/somosdelprieto.com\/index.php\/wp-json\/wp\/v2\/posts\/12382","targetHints":{"allow":["GET"]}}],"collection":[{"href":"https:\/\/somosdelprieto.com\/index.php\/wp-json\/wp\/v2\/posts"}],"about":[{"href":"https:\/\/somosdelprieto.com\/index.php\/wp-json\/wp\/v2\/types\/post"}],"author":[{"embeddable":true,"href":"https:\/\/somosdelprieto.com\/index.php\/wp-json\/wp\/v2\/users\/4"}],"replies":[{"embeddable":true,"href":"https:\/\/somosdelprieto.com\/index.php\/wp-json\/wp\/v2\/comments?post=12382"}],"version-history":[{"count":3,"href":"https:\/\/somosdelprieto.com\/index.php\/wp-json\/wp\/v2\/posts\/12382\/revisions"}],"predecessor-version":[{"id":12385,"href":"https:\/\/somosdelprieto.com\/index.php\/wp-json\/wp\/v2\/posts\/12382\/revisions\/12385"}],"wp:featuredmedia":[{"embeddable":true,"href":"https:\/\/somosdelprieto.com\/index.php\/wp-json\/wp\/v2\/media\/9394"}],"wp:attachment":[{"href":"https:\/\/somosdelprieto.com\/index.php\/wp-json\/wp\/v2\/media?parent=12382"}],"wp:term":[{"taxonomy":"category","embeddable":true,"href":"https:\/\/somosdelprieto.com\/index.php\/wp-json\/wp\/v2\/categories?post=12382"},{"taxonomy":"post_tag","embeddable":true,"href":"https:\/\/somosdelprieto.com\/index.php\/wp-json\/wp\/v2\/tags?post=12382"}],"curies":[{"name":"wp","href":"https:\/\/api.w.org\/{rel}","templated":true}]}}