{"id":12334,"date":"2022-06-29T12:41:45","date_gmt":"2022-06-29T10:41:45","guid":{"rendered":"https:\/\/somosdelprieto.com\/?p=12334"},"modified":"2022-06-29T12:46:12","modified_gmt":"2022-06-29T10:46:12","slug":"publicada-la-asignacion-definitiva-para-la-admision-en-eso-y-bachillerato","status":"publish","type":"post","link":"https:\/\/somosdelprieto.com\/index.php\/2022\/06\/29\/publicada-la-asignacion-definitiva-para-la-admision-en-eso-y-bachillerato\/","title":{"rendered":"PUBLICADA LA ASIGNACI\u00d3N DEFINITIVA PARA LA ADMISI\u00d3N EN ESO Y BACHILLERATO"},"content":{"rendered":"\n<p>Publicada la asignaci\u00f3n definitiva del proceso de admisi\u00f3n del alumnado para el curso 2022\/2023 en las etapas de Educaci\u00f3n Secundaria Obligatoria y Bachillerato.<\/p>\n\n\n\n<p>Puede consultar los datos de su solicitud a trav\u00e9s de la SECRETAR\u00cdA VIRTUAL en la plataforma\u00a0<a rel=\"noreferrer noopener\" href=\"https:\/\/educamosclm.castillalamancha.es\/\" target=\"_blank\"><strong>EducamosCLM<\/strong><\/a>, en la opci\u00f3n C\u00d3MO VAN MIS TR\u00c1MITES\/ Seleccionar alumno\/a y en el desplegable \u201cDatos solicitud\u201d o en la opci\u00f3n\u00a0\u00a0<em>Mis tr\u00e1mites &#8211; Mis solicitudes &#8211; Mis solicitudes<\/em>, eligiendo sobre el nombre del alumno\/a en el item\u00a0<em>Datos de la solicitud<\/em>.<\/p>\n\n\n\n<figure class=\"wp-block-embed is-type-wp-embed is-provider-ies-gregorio-prieto wp-block-embed-ies-gregorio-prieto\"><div class=\"wp-block-embed__wrapper\">\n<blockquote class=\"wp-embedded-content\" data-secret=\"cnoR8zS1u3\"><a href=\"https:\/\/somosdelprieto.com\/index.php\/secretaria\/e-s-o\/\">E.S.O.<\/a><\/blockquote><iframe loading=\"lazy\" class=\"wp-embedded-content\" sandbox=\"allow-scripts\" security=\"restricted\" style=\"position: absolute; visibility: hidden;\" title=\"\u00abE.S.O.\u00bb \u2014 IES Gregorio Prieto\" src=\"https:\/\/somosdelprieto.com\/index.php\/secretaria\/e-s-o\/embed\/#?secret=exJoRj8XRV#?secret=cnoR8zS1u3\" data-secret=\"cnoR8zS1u3\" width=\"525\" height=\"296\" frameborder=\"0\" marginwidth=\"0\" marginheight=\"0\" scrolling=\"no\"><\/iframe>\n<\/div><\/figure>\n\n\n\n<figure class=\"wp-block-embed is-type-wp-embed is-provider-ies-gregorio-prieto wp-block-embed-ies-gregorio-prieto\"><div class=\"wp-block-embed__wrapper\">\n<blockquote class=\"wp-embedded-content\" data-secret=\"RosoVefJVG\"><a href=\"https:\/\/somosdelprieto.com\/index.php\/secretaria\/bachillerato\/\">Bachillerato<\/a><\/blockquote><iframe loading=\"lazy\" class=\"wp-embedded-content\" sandbox=\"allow-scripts\" security=\"restricted\" style=\"position: absolute; visibility: hidden;\" title=\"\u00abBachillerato\u00bb \u2014 IES Gregorio Prieto\" src=\"https:\/\/somosdelprieto.com\/index.php\/secretaria\/bachillerato\/embed\/#?secret=mMFGAtIl2n#?secret=RosoVefJVG\" data-secret=\"RosoVefJVG\" width=\"525\" height=\"296\" frameborder=\"0\" marginwidth=\"0\" marginheight=\"0\" scrolling=\"no\"><\/iframe>\n<\/div><\/figure>\n","protected":false},"excerpt":{"rendered":"<p>Publicada la asignaci\u00f3n definitiva del proceso de admisi\u00f3n del alumnado para el curso 2022\/2023 en las etapas de Educaci\u00f3n Secundaria Obligatoria y Bachillerato. Puede consultar los datos de su solicitud a trav\u00e9s de la SECRETAR\u00cdA VIRTUAL en la plataforma\u00a0EducamosCLM, en la opci\u00f3n C\u00d3MO VAN MIS TR\u00c1MITES\/ Seleccionar alumno\/a y en el desplegable \u201cDatos solicitud\u201d o &hellip; <\/p>\n<p class=\"link-more\"><a href=\"https:\/\/somosdelprieto.com\/index.php\/2022\/06\/29\/publicada-la-asignacion-definitiva-para-la-admision-en-eso-y-bachillerato\/\" class=\"more-link\">Continuar leyendo<span class=\"screen-reader-text\"> \u00abPUBLICADA LA ASIGNACI\u00d3N DEFINITIVA PARA LA ADMISI\u00d3N EN ESO Y BACHILLERATO\u00bb<\/span><\/a><\/p>\n","protected":false},"author":53,"featured_media":12337,"comment_status":"closed","ping_status":"closed","sticky":false,"template":"","format":"standard","meta":{"footnotes":""},"categories":[211,1,47],"tags":[212,86,213,115,230],"class_list":["post-12334","post","type-post","status-publish","format-standard","has-post-thumbnail","hentry","category-admision","category-noticias","category-secretaria","tag-admision","tag-bachillerato","tag-eso","tag-noticias","tag-secretaria"],"_links":{"self":[{"href":"https:\/\/somosdelprieto.com\/index.php\/wp-json\/wp\/v2\/posts\/12334","targetHints":{"allow":["GET"]}}],"collection":[{"href":"https:\/\/somosdelprieto.com\/index.php\/wp-json\/wp\/v2\/posts"}],"about":[{"href":"https:\/\/somosdelprieto.com\/index.php\/wp-json\/wp\/v2\/types\/post"}],"author":[{"embeddable":true,"href":"https:\/\/somosdelprieto.com\/index.php\/wp-json\/wp\/v2\/users\/53"}],"replies":[{"embeddable":true,"href":"https:\/\/somosdelprieto.com\/index.php\/wp-json\/wp\/v2\/comments?post=12334"}],"version-history":[{"count":2,"href":"https:\/\/somosdelprieto.com\/index.php\/wp-json\/wp\/v2\/posts\/12334\/revisions"}],"predecessor-version":[{"id":12349,"href":"https:\/\/somosdelprieto.com\/index.php\/wp-json\/wp\/v2\/posts\/12334\/revisions\/12349"}],"wp:featuredmedia":[{"embeddable":true,"href":"https:\/\/somosdelprieto.com\/index.php\/wp-json\/wp\/v2\/media\/12337"}],"wp:attachment":[{"href":"https:\/\/somosdelprieto.com\/index.php\/wp-json\/wp\/v2\/media?parent=12334"}],"wp:term":[{"taxonomy":"category","embeddable":true,"href":"https:\/\/somosdelprieto.com\/index.php\/wp-json\/wp\/v2\/categories?post=12334"},{"taxonomy":"post_tag","embeddable":true,"href":"https:\/\/somosdelprieto.com\/index.php\/wp-json\/wp\/v2\/tags?post=12334"}],"curies":[{"name":"wp","href":"https:\/\/api.w.org\/{rel}","templated":true}]}}