{"id":12293,"date":"2022-06-29T11:35:45","date_gmt":"2022-06-29T09:35:45","guid":{"rendered":"https:\/\/somosdelprieto.com\/?p=12293"},"modified":"2022-06-29T11:37:47","modified_gmt":"2022-06-29T09:37:47","slug":"vuelta-al-mundo-conseguida","status":"publish","type":"post","link":"https:\/\/somosdelprieto.com\/index.php\/2022\/06\/29\/vuelta-al-mundo-conseguida\/","title":{"rendered":"\u00a1VUELTA AL MUNDO CONSEGUIDA!"},"content":{"rendered":"\n<p>El reto que nos propusimos a principio de curso de acumular kil\u00f3metros para dar la vuelta al mundo a nivel del Ecuador, ha concluido de forma satisfactoria. <\/p>\n\n\n\n<p>Con un buen empuj\u00f3n en el \u00faltimo trimestre hemos acumulado un total de 52.176 km, superando con creces los 40.075 km necesarios para recorrer el planeta a nivel del ecuador.<\/p>\n\n\n\n<p>Enhorabuena a todos los que hab\u00e9is participado en esta iniciativa de desplazamiento activo y saludable.<\/p>\n\n\n\n<p>\u00a1Feliz verano!<\/p>\n\n\n\n<p><\/p>\n","protected":false},"excerpt":{"rendered":"<p>El reto que nos propusimos a principio de curso de acumular kil\u00f3metros para dar la vuelta al mundo a nivel del Ecuador, ha concluido de forma satisfactoria. Con un buen empuj\u00f3n en el \u00faltimo trimestre hemos acumulado un total de 52.176 km, superando con creces los 40.075 km necesarios para recorrer el planeta a nivel &hellip; <\/p>\n<p class=\"link-more\"><a href=\"https:\/\/somosdelprieto.com\/index.php\/2022\/06\/29\/vuelta-al-mundo-conseguida\/\" class=\"more-link\">Continuar leyendo<span class=\"screen-reader-text\"> \u00ab\u00a1VUELTA AL MUNDO CONSEGUIDA!\u00bb<\/span><\/a><\/p>\n","protected":false},"author":26,"featured_media":8097,"comment_status":"closed","ping_status":"closed","sticky":false,"template":"","format":"standard","meta":{"footnotes":""},"categories":[26,1,101,138],"tags":[],"class_list":["post-12293","post","type-post","status-publish","format-standard","has-post-thumbnail","hentry","category-educacion-fisica","category-noticias","category-proyecto-escolar-saludable","category-proyecto-escolar-saludable-2"],"_links":{"self":[{"href":"https:\/\/somosdelprieto.com\/index.php\/wp-json\/wp\/v2\/posts\/12293","targetHints":{"allow":["GET"]}}],"collection":[{"href":"https:\/\/somosdelprieto.com\/index.php\/wp-json\/wp\/v2\/posts"}],"about":[{"href":"https:\/\/somosdelprieto.com\/index.php\/wp-json\/wp\/v2\/types\/post"}],"author":[{"embeddable":true,"href":"https:\/\/somosdelprieto.com\/index.php\/wp-json\/wp\/v2\/users\/26"}],"replies":[{"embeddable":true,"href":"https:\/\/somosdelprieto.com\/index.php\/wp-json\/wp\/v2\/comments?post=12293"}],"version-history":[{"count":3,"href":"https:\/\/somosdelprieto.com\/index.php\/wp-json\/wp\/v2\/posts\/12293\/revisions"}],"predecessor-version":[{"id":12324,"href":"https:\/\/somosdelprieto.com\/index.php\/wp-json\/wp\/v2\/posts\/12293\/revisions\/12324"}],"wp:featuredmedia":[{"embeddable":true,"href":"https:\/\/somosdelprieto.com\/index.php\/wp-json\/wp\/v2\/media\/8097"}],"wp:attachment":[{"href":"https:\/\/somosdelprieto.com\/index.php\/wp-json\/wp\/v2\/media?parent=12293"}],"wp:term":[{"taxonomy":"category","embeddable":true,"href":"https:\/\/somosdelprieto.com\/index.php\/wp-json\/wp\/v2\/categories?post=12293"},{"taxonomy":"post_tag","embeddable":true,"href":"https:\/\/somosdelprieto.com\/index.php\/wp-json\/wp\/v2\/tags?post=12293"}],"curies":[{"name":"wp","href":"https:\/\/api.w.org\/{rel}","templated":true}]}}