{"id":12292,"date":"2022-06-29T11:11:38","date_gmt":"2022-06-29T09:11:38","guid":{"rendered":"https:\/\/somosdelprieto.com\/?p=12292"},"modified":"2022-06-29T11:17:21","modified_gmt":"2022-06-29T09:17:21","slug":"dia-de-la-educacion-en-valdepenas","status":"publish","type":"post","link":"https:\/\/somosdelprieto.com\/index.php\/2022\/06\/29\/dia-de-la-educacion-en-valdepenas\/","title":{"rendered":"D\u00eda de la Educaci\u00f3n en Valdepe\u00f1as"},"content":{"rendered":"\n<p>La Comunidad Educativa del Gregorio Prieto, fue galardonada el pasado 09 de junio en el  XIII D\u00eda de la Educaci\u00f3n Lorenzo Luzuriaga. En esa ceremonia, alumnado, profesorado y familias, fueron reconocidos por su trayectoria educativa, por su ayuda a nuestro centro, por su reciente jubilaci\u00f3n y por promover y desarrollar  en el IES proyectos innovadores y basados en metodolog\u00edas activas como STEAM, eTwinning, Aula del Futuro, Crea banda sonora, ATECA, Aula de Emprendimiento, Erasmus e Integraci\u00f3n. <\/p>\n\n\n\n<div class=\"wp-block-columns is-layout-flex wp-container-core-columns-is-layout-9d6595d7 wp-block-columns-is-layout-flex\">\n<div class=\"wp-block-column is-layout-flow wp-block-column-is-layout-flow\">\n<figure class=\"wp-block-image size-large\"><img loading=\"lazy\" decoding=\"async\" width=\"1024\" height=\"768\" src=\"https:\/\/somosdelprieto.com\/wp-content\/uploads\/2022\/06\/IMG-20220615-WA0007-1024x768.jpg\" alt=\"\" class=\"wp-image-12294\" srcset=\"https:\/\/somosdelprieto.com\/wp-content\/uploads\/2022\/06\/IMG-20220615-WA0007-1024x768.jpg 1024w, https:\/\/somosdelprieto.com\/wp-content\/uploads\/2022\/06\/IMG-20220615-WA0007-300x225.jpg 300w, https:\/\/somosdelprieto.com\/wp-content\/uploads\/2022\/06\/IMG-20220615-WA0007-768x576.jpg 768w, https:\/\/somosdelprieto.com\/wp-content\/uploads\/2022\/06\/IMG-20220615-WA0007-1536x1152.jpg 1536w, https:\/\/somosdelprieto.com\/wp-content\/uploads\/2022\/06\/IMG-20220615-WA0007.jpg 1600w\" sizes=\"auto, (max-width: 767px) 89vw, (max-width: 1000px) 54vw, (max-width: 1071px) 543px, 580px\" \/><\/figure>\n<\/div>\n\n\n\n<div class=\"wp-block-column is-layout-flow wp-block-column-is-layout-flow\">\n<figure class=\"wp-block-image size-large\"><img loading=\"lazy\" decoding=\"async\" width=\"1024\" height=\"768\" src=\"https:\/\/somosdelprieto.com\/wp-content\/uploads\/2022\/06\/IMG-20220615-WA0004-1024x768.jpg\" alt=\"\" class=\"wp-image-12295\" srcset=\"https:\/\/somosdelprieto.com\/wp-content\/uploads\/2022\/06\/IMG-20220615-WA0004-1024x768.jpg 1024w, https:\/\/somosdelprieto.com\/wp-content\/uploads\/2022\/06\/IMG-20220615-WA0004-300x225.jpg 300w, https:\/\/somosdelprieto.com\/wp-content\/uploads\/2022\/06\/IMG-20220615-WA0004-768x576.jpg 768w, https:\/\/somosdelprieto.com\/wp-content\/uploads\/2022\/06\/IMG-20220615-WA0004-1536x1152.jpg 1536w, https:\/\/somosdelprieto.com\/wp-content\/uploads\/2022\/06\/IMG-20220615-WA0004.jpg 1600w\" sizes=\"auto, (max-width: 767px) 89vw, (max-width: 1000px) 54vw, (max-width: 1071px) 543px, 580px\" \/><\/figure>\n<\/div>\n<\/div>\n\n\n\n<div class=\"wp-block-columns is-layout-flex wp-container-core-columns-is-layout-9d6595d7 wp-block-columns-is-layout-flex\">\n<div class=\"wp-block-column is-layout-flow wp-block-column-is-layout-flow\">\n<figure class=\"wp-block-image size-large\"><img loading=\"lazy\" decoding=\"async\" width=\"1024\" height=\"768\" src=\"https:\/\/somosdelprieto.com\/wp-content\/uploads\/2022\/06\/IMG-20220615-WA0006-1024x768.jpg\" alt=\"\" class=\"wp-image-12296\" srcset=\"https:\/\/somosdelprieto.com\/wp-content\/uploads\/2022\/06\/IMG-20220615-WA0006-1024x768.jpg 1024w, https:\/\/somosdelprieto.com\/wp-content\/uploads\/2022\/06\/IMG-20220615-WA0006-300x225.jpg 300w, https:\/\/somosdelprieto.com\/wp-content\/uploads\/2022\/06\/IMG-20220615-WA0006-768x576.jpg 768w, https:\/\/somosdelprieto.com\/wp-content\/uploads\/2022\/06\/IMG-20220615-WA0006-1536x1152.jpg 1536w, https:\/\/somosdelprieto.com\/wp-content\/uploads\/2022\/06\/IMG-20220615-WA0006.jpg 1600w\" sizes=\"auto, (max-width: 767px) 89vw, (max-width: 1000px) 54vw, (max-width: 1071px) 543px, 580px\" \/><\/figure>\n<\/div>\n\n\n\n<div class=\"wp-block-column is-layout-flow wp-block-column-is-layout-flow\">\n<figure class=\"wp-block-image size-large\"><img loading=\"lazy\" decoding=\"async\" width=\"1024\" height=\"554\" src=\"https:\/\/somosdelprieto.com\/wp-content\/uploads\/2022\/06\/IMG-20220629-WA0003.jpg\" alt=\"\" class=\"wp-image-12299\" srcset=\"https:\/\/somosdelprieto.com\/wp-content\/uploads\/2022\/06\/IMG-20220629-WA0003.jpg 1024w, https:\/\/somosdelprieto.com\/wp-content\/uploads\/2022\/06\/IMG-20220629-WA0003-300x162.jpg 300w, https:\/\/somosdelprieto.com\/wp-content\/uploads\/2022\/06\/IMG-20220629-WA0003-768x416.jpg 768w\" sizes=\"auto, (max-width: 767px) 89vw, (max-width: 1000px) 54vw, (max-width: 1071px) 543px, 580px\" \/><\/figure>\n<\/div>\n<\/div>\n","protected":false},"excerpt":{"rendered":"<p>La Comunidad Educativa del Gregorio Prieto, fue galardonada el pasado 09 de junio en el XIII D\u00eda de la Educaci\u00f3n Lorenzo Luzuriaga. En esa ceremonia, alumnado, profesorado y familias, fueron reconocidos por su trayectoria educativa, por su ayuda a nuestro centro, por su reciente jubilaci\u00f3n y por promover y desarrollar en el IES proyectos innovadores &hellip; <\/p>\n<p class=\"link-more\"><a href=\"https:\/\/somosdelprieto.com\/index.php\/2022\/06\/29\/dia-de-la-educacion-en-valdepenas\/\" class=\"more-link\">Continuar leyendo<span class=\"screen-reader-text\"> \u00abD\u00eda de la Educaci\u00f3n en Valdepe\u00f1as\u00bb<\/span><\/a><\/p>\n","protected":false},"author":46,"featured_media":5801,"comment_status":"closed","ping_status":"closed","sticky":false,"template":"","format":"standard","meta":{"footnotes":""},"categories":[22,165,203,6,242,4,15,30,32,36,39,1,14,66],"tags":[156,264,199,241,160,161,125,173,143,16,267,118,90,265,266,92],"class_list":["post-12292","post","type-post","status-publish","format-standard","has-post-thumbnail","hentry","category-agraria","category-ampa","category-ateca","category-british","category-emprendimiento","category-erasmus","category-etwinning","category-formacion-y-orientacion-laboral","category-geografia-e-historia","category-ingles","category-musica","category-noticias","category-premios","category-steam","tag-agraria","tag-ampa","tag-ateca","tag-aula-de-emprendimiento","tag-aula-del-futuro","tag-aula-del-siglo-xxi","tag-british","tag-creabandasonora","tag-erasmus","tag-etwinning","tag-fol","tag-geografia-e-historia","tag-ingles","tag-integracion","tag-musica-2","tag-steam"],"_links":{"self":[{"href":"https:\/\/somosdelprieto.com\/index.php\/wp-json\/wp\/v2\/posts\/12292","targetHints":{"allow":["GET"]}}],"collection":[{"href":"https:\/\/somosdelprieto.com\/index.php\/wp-json\/wp\/v2\/posts"}],"about":[{"href":"https:\/\/somosdelprieto.com\/index.php\/wp-json\/wp\/v2\/types\/post"}],"author":[{"embeddable":true,"href":"https:\/\/somosdelprieto.com\/index.php\/wp-json\/wp\/v2\/users\/46"}],"replies":[{"embeddable":true,"href":"https:\/\/somosdelprieto.com\/index.php\/wp-json\/wp\/v2\/comments?post=12292"}],"version-history":[{"count":3,"href":"https:\/\/somosdelprieto.com\/index.php\/wp-json\/wp\/v2\/posts\/12292\/revisions"}],"predecessor-version":[{"id":12308,"href":"https:\/\/somosdelprieto.com\/index.php\/wp-json\/wp\/v2\/posts\/12292\/revisions\/12308"}],"wp:featuredmedia":[{"embeddable":true,"href":"https:\/\/somosdelprieto.com\/index.php\/wp-json\/wp\/v2\/media\/5801"}],"wp:attachment":[{"href":"https:\/\/somosdelprieto.com\/index.php\/wp-json\/wp\/v2\/media?parent=12292"}],"wp:term":[{"taxonomy":"category","embeddable":true,"href":"https:\/\/somosdelprieto.com\/index.php\/wp-json\/wp\/v2\/categories?post=12292"},{"taxonomy":"post_tag","embeddable":true,"href":"https:\/\/somosdelprieto.com\/index.php\/wp-json\/wp\/v2\/tags?post=12292"}],"curies":[{"name":"wp","href":"https:\/\/api.w.org\/{rel}","templated":true}]}}