{"id":11171,"date":"2022-05-21T15:03:50","date_gmt":"2022-05-21T13:03:50","guid":{"rendered":"https:\/\/somosdelprieto.com\/?p=11171"},"modified":"2022-05-21T15:03:50","modified_gmt":"2022-05-21T13:03:50","slug":"1o-eso-b2-ganadores-del-concurso-de-relato-organizado-por-la-consejeria-de-educacion-y-puy-du-fou","status":"publish","type":"post","link":"https:\/\/somosdelprieto.com\/index.php\/2022\/05\/21\/1o-eso-b2-ganadores-del-concurso-de-relato-organizado-por-la-consejeria-de-educacion-y-puy-du-fou\/","title":{"rendered":"1\u00ba ESO B2 GANADORES DEL CONCURSO DE RELATO ORGANIZADO POR LA CONSEJER\u00cdA DE EDUCACI\u00d3N Y PUY DU FOU."},"content":{"rendered":"\n<p>El grupo de 1\u00ba de ESO B2 ha ganado el III Concurso de relato organizado por la Consejer\u00eda de Educaci\u00f3n y Puy du Fou (Toledo), en la categor\u00eda grupal. Como premio nuestro alumnado podr\u00e1 disfrutar de la entrada al parque Puy du Fou y la estancia en el hotel San Servando  la noche del 1 al 2 de junio. \u00a1Enhorabuena!<\/p>\n\n\n\n<p>Aqu\u00ed pod\u00e9is leer el relato ganador:<\/p>\n\n\n\n<p><a href=\"https:\/\/drive.google.com\/file\/d\/19oDGY8OP8IpZQXTQiUT17WUhxSr5PI3n\/view?usp=sharing\">https:\/\/drive.google.com\/file\/d\/19oDGY8OP8IpZQXTQiUT17WUhxSr5PI3n\/view?usp=sharing<\/a><\/p>\n\n\n\n<p><\/p>\n\n\n\n<p><\/p>\n","protected":false},"excerpt":{"rendered":"<p>El grupo de 1\u00ba de ESO B2 ha ganado el III Concurso de relato organizado por la Consejer\u00eda de Educaci\u00f3n y Puy du Fou (Toledo), en la categor\u00eda grupal. Como premio nuestro alumnado podr\u00e1 disfrutar de la entrada al parque Puy du Fou y la estancia en el hotel San Servando la noche del 1 &hellip; <\/p>\n<p class=\"link-more\"><a href=\"https:\/\/somosdelprieto.com\/index.php\/2022\/05\/21\/1o-eso-b2-ganadores-del-concurso-de-relato-organizado-por-la-consejeria-de-educacion-y-puy-du-fou\/\" class=\"more-link\">Continuar leyendo<span class=\"screen-reader-text\"> \u00ab1\u00ba ESO B2 GANADORES DEL CONCURSO DE RELATO ORGANIZADO POR LA CONSEJER\u00cdA DE EDUCACI\u00d3N Y PUY DU FOU.\u00bb<\/span><\/a><\/p>\n","protected":false},"author":34,"featured_media":11175,"comment_status":"closed","ping_status":"closed","sticky":false,"template":"","format":"standard","meta":{"footnotes":""},"categories":[37,1],"tags":[239,115],"class_list":["post-11171","post","type-post","status-publish","format-standard","has-post-thumbnail","hentry","category-lengua-y-literatura","category-noticias","tag-lengua-y-literatura","tag-noticias"],"_links":{"self":[{"href":"https:\/\/somosdelprieto.com\/index.php\/wp-json\/wp\/v2\/posts\/11171","targetHints":{"allow":["GET"]}}],"collection":[{"href":"https:\/\/somosdelprieto.com\/index.php\/wp-json\/wp\/v2\/posts"}],"about":[{"href":"https:\/\/somosdelprieto.com\/index.php\/wp-json\/wp\/v2\/types\/post"}],"author":[{"embeddable":true,"href":"https:\/\/somosdelprieto.com\/index.php\/wp-json\/wp\/v2\/users\/34"}],"replies":[{"embeddable":true,"href":"https:\/\/somosdelprieto.com\/index.php\/wp-json\/wp\/v2\/comments?post=11171"}],"version-history":[{"count":2,"href":"https:\/\/somosdelprieto.com\/index.php\/wp-json\/wp\/v2\/posts\/11171\/revisions"}],"predecessor-version":[{"id":11176,"href":"https:\/\/somosdelprieto.com\/index.php\/wp-json\/wp\/v2\/posts\/11171\/revisions\/11176"}],"wp:featuredmedia":[{"embeddable":true,"href":"https:\/\/somosdelprieto.com\/index.php\/wp-json\/wp\/v2\/media\/11175"}],"wp:attachment":[{"href":"https:\/\/somosdelprieto.com\/index.php\/wp-json\/wp\/v2\/media?parent=11171"}],"wp:term":[{"taxonomy":"category","embeddable":true,"href":"https:\/\/somosdelprieto.com\/index.php\/wp-json\/wp\/v2\/categories?post=11171"},{"taxonomy":"post_tag","embeddable":true,"href":"https:\/\/somosdelprieto.com\/index.php\/wp-json\/wp\/v2\/tags?post=11171"}],"curies":[{"name":"wp","href":"https:\/\/api.w.org\/{rel}","templated":true}]}}